{"id":31405,"date":"2020-09-03T10:13:13","date_gmt":"2020-09-03T13:13:13","guid":{"rendered":"http:\/\/www.sincomam.org.br\/?p=31405"},"modified":"2020-09-03T10:13:13","modified_gmt":"2020-09-03T13:13:13","slug":"producao-industrial-cresceu-8-de-junho-para-julho-diz-ibge","status":"publish","type":"post","link":"https:\/\/www.sincomam.org.br\/index.php\/producao-industrial-cresceu-8-de-junho-para-julho-diz-ibge\/","title":{"rendered":"Produ\u00e7\u00e3o industrial cresceu 8% de junho para julho, diz IBGE"},"content":{"rendered":"<p><strong><em>Entre as atividades houve altas em 25 dos 26 ramos pesquisados<\/em><\/strong><\/p>\n<p>A produ\u00e7\u00e3o tamb\u00e9m registrou alta (8,8%) na m\u00e9dia m\u00f3vel trimestral. Nos demais tipos de compara\u00e7\u00e3o, no entanto, houve quedas: na compara\u00e7\u00e3o com julho de 2019 (-3%), no acumulado do ano (-9,6%) e no acumulado em 12 meses (-5,7%). O avan\u00e7o de 8% na passagem de junho para julho foi resultado de altas nas quatro grandes categorias econ\u00f4micas da ind\u00fastria, com destaque para os bens de consumo dur\u00e1veis (42%).<\/p>\n<p>Os bens de capital, isto \u00e9, as m\u00e1quinas e equipamentos usados no setor produtivo, cresceram 15%. No caso dos bens intermedi\u00e1rios, isto \u00e9, os insumos industrializados usados no setor produtivo, houve alta de 8,4%. J\u00e1 os vens de consumo semi e n\u00e3o dur\u00e1veis cresceram 4,7%.<\/p>\n<p>Entre as atividades industriais, houve altas em 25 dos 26 ramos pesquisados. A principal alta ocorreu no setor de ve\u00edculos automotores, reboques e carrocerias (43,9%). \u201cA ind\u00fastria automotiva puxa diversos setores em conjunto, sendo o ponto principal de outras cadeias produtivas\u201d, afirma o pesquisador do IBGE Andr\u00e9 Macedo.<\/p>\n<p>Tamb\u00e9m houve altas importantes na metalurgia (18,7%), ind\u00fastrias extrativas (6,7%), m\u00e1quinas e equipamentos (14,2%), coque e produtos derivados do petr\u00f3leo e biocombust\u00edveis (3,8%). Por outro lado, o ramo de impress\u00e3o e reprodu\u00e7\u00e3o de grava\u00e7\u00f5es foi o \u00fanico setor em queda (-40,6%).<\/p>\n<p>Fonte: Ag\u00eancia Brasil<\/p>\n","protected":false},"excerpt":{"rendered":"<p>Entre as atividades houve altas em 25 dos 26 ramos pesquisados A produ\u00e7\u00e3o tamb\u00e9m registrou alta (8,8%) na m\u00e9dia m\u00f3vel trimestral. Nos demais tipos de&#8230;<\/p>\n","protected":false},"author":1182,"featured_media":4802,"comment_status":"closed","ping_status":"closed","sticky":false,"template":"","format":"standard","meta":{"footnotes":""},"categories":[6],"tags":[170,1848,68,3401,3000,76],"class_list":["post-31405","post","type-post","status-publish","format-standard","has-post-thumbnail","hentry","category-noticias","tag-crescimento","tag-ibge","tag-industria","tag-julho","tag-junho","tag-producao"],"_links":{"self":[{"href":"https:\/\/www.sincomam.org.br\/index.php\/wp-json\/wp\/v2\/posts\/31405","targetHints":{"allow":["GET"]}}],"collection":[{"href":"https:\/\/www.sincomam.org.br\/index.php\/wp-json\/wp\/v2\/posts"}],"about":[{"href":"https:\/\/www.sincomam.org.br\/index.php\/wp-json\/wp\/v2\/types\/post"}],"author":[{"embeddable":true,"href":"https:\/\/www.sincomam.org.br\/index.php\/wp-json\/wp\/v2\/users\/1182"}],"replies":[{"embeddable":true,"href":"https:\/\/www.sincomam.org.br\/index.php\/wp-json\/wp\/v2\/comments?post=31405"}],"version-history":[{"count":1,"href":"https:\/\/www.sincomam.org.br\/index.php\/wp-json\/wp\/v2\/posts\/31405\/revisions"}],"predecessor-version":[{"id":31406,"href":"https:\/\/www.sincomam.org.br\/index.php\/wp-json\/wp\/v2\/posts\/31405\/revisions\/31406"}],"wp:featuredmedia":[{"embeddable":true,"href":"https:\/\/www.sincomam.org.br\/index.php\/wp-json\/wp\/v2\/media\/4802"}],"wp:attachment":[{"href":"https:\/\/www.sincomam.org.br\/index.php\/wp-json\/wp\/v2\/media?parent=31405"}],"wp:term":[{"taxonomy":"category","embeddable":true,"href":"https:\/\/www.sincomam.org.br\/index.php\/wp-json\/wp\/v2\/categories?post=31405"},{"taxonomy":"post_tag","embeddable":true,"href":"https:\/\/www.sincomam.org.br\/index.php\/wp-json\/wp\/v2\/tags?post=31405"}],"curies":[{"name":"wp","href":"https:\/\/api.w.org\/{rel}","templated":true}]}}