{"id":31401,"date":"2020-09-03T10:00:42","date_gmt":"2020-09-03T13:00:42","guid":{"rendered":"http:\/\/www.sincomam.org.br\/?p=31401"},"modified":"2020-09-03T10:00:42","modified_gmt":"2020-09-03T13:00:42","slug":"governo-anuncia-investimento-de-r-267-milhoes-na-2a-fase-do-terminal-de-graos-do-itaqui","status":"publish","type":"post","link":"https:\/\/www.sincomam.org.br\/index.php\/governo-anuncia-investimento-de-r-267-milhoes-na-2a-fase-do-terminal-de-graos-do-itaqui\/","title":{"rendered":"Governo anuncia investimento de R$ 267 milh\u00f5es na 2\u00aa fase do Terminal de Gr\u00e3os do Itaqui"},"content":{"rendered":"<p><strong><em>Investimento deve ampliar a capacidade de exporta\u00e7\u00e3o e importa\u00e7\u00e3o de produtos pelo Maranh\u00e3o<\/em><\/strong><\/p>\n<p>O governo do Maranh\u00e3o, anunciou em entrevista coletiva nesta quarta-feira (2), um investimento de R$ 267 milh\u00f5es de reais na segunda fase da constru\u00e7\u00e3o do Terminal de Gr\u00e3os do Maranh\u00e3o (Tegram) no Porto do Itaqui, em S\u00e3o Lu\u00eds.<\/p>\n<p>As opera\u00e7\u00f5es come\u00e7aram oficialmente nesta quarta-feira. Os investimentos devem ampliar a capacidade de exporta\u00e7\u00e3o de milho, soja e farelo e de importa\u00e7\u00e3o de fertilizantes. A expectativa \u00e9 que at\u00e9 o fim do ano, 20 toneladas de produtos sejam movimentados no porto.<\/p>\n<p>A primeira fase do projeto foi finalizada em 2015 e at\u00e9 o ano passado, o porto tinha capacidade de movimentar 11 toneladas de produtos por ano. A estimativa \u00e9 que at\u00e9 em 2025, o Tegram tenha a capacidade de produzir 24,3 toneladas por ano, mais do dobro da capacidade inicial h\u00e1 cinco anos.<\/p>\n<p>Juntos, foram investidos R$ 800 milh\u00f5es na primeira e segunda fase de expans\u00e3o do Tegram. O governo afirma que a obra gerou 500 empregos e devem ser contratados mais 100 trabalhadores para as opera\u00e7\u00f5es.<\/p>\n<p>O governador do Maranh\u00e3o, Fl\u00e1vio Dino (PCdoB), afirmou, que a finaliza\u00e7\u00e3o da Ferrovia Norte-Sul, obra do Governo Federal, deve ser fundamental para atingir os resultados previstos, j\u00e1 que deve atrair a safra de gr\u00e3os de Goi\u00e1s e Mato Grosso.<\/p>\n<p>De acordo com Ted Lago, presidente da Empresa Maranhense de Administra\u00e7\u00e3o Portu\u00e1ria (EMAP), com a segunda fase do projeto ser\u00e1 poss\u00edvel realizar embarques simult\u00e2neos de gr\u00e3os por dois ber\u00e7os, que devem elevar a capacidade de exporta\u00e7\u00e3o dos produtos.<\/p>\n<p><em>&#8220;\u00c9 um marco hist\u00f3rico para o nosso porto, \u00e9 um marco importante porque passamos para um novo patamar de movimenta\u00e7\u00e3o de gr\u00e3os e cargas, d\u00e1 mais seguran\u00e7a aos investidores e produtores da nossa regi\u00e3o, para que possam produzir&#8221;, afirmou.<\/em><\/p>\n<p>Fonte: G1 MA<\/p>\n","protected":false},"excerpt":{"rendered":"<p>Investimento deve ampliar a capacidade de exporta\u00e7\u00e3o e importa\u00e7\u00e3o de produtos pelo Maranh\u00e3o O governo do Maranh\u00e3o, anunciou em entrevista coletiva nesta quarta-feira (2), um&#8230;<\/p>\n","protected":false},"author":1182,"featured_media":3306,"comment_status":"closed","ping_status":"closed","sticky":false,"template":"","format":"standard","meta":{"footnotes":""},"categories":[6],"tags":[192,132,382,330,80,1982],"class_list":["post-31401","post","type-post","status-publish","format-standard","has-post-thumbnail","hentry","category-noticias","tag-governo","tag-investimento","tag-itaqui","tag-operacoes","tag-porto","tag-tegram"],"_links":{"self":[{"href":"https:\/\/www.sincomam.org.br\/index.php\/wp-json\/wp\/v2\/posts\/31401","targetHints":{"allow":["GET"]}}],"collection":[{"href":"https:\/\/www.sincomam.org.br\/index.php\/wp-json\/wp\/v2\/posts"}],"about":[{"href":"https:\/\/www.sincomam.org.br\/index.php\/wp-json\/wp\/v2\/types\/post"}],"author":[{"embeddable":true,"href":"https:\/\/www.sincomam.org.br\/index.php\/wp-json\/wp\/v2\/users\/1182"}],"replies":[{"embeddable":true,"href":"https:\/\/www.sincomam.org.br\/index.php\/wp-json\/wp\/v2\/comments?post=31401"}],"version-history":[{"count":1,"href":"https:\/\/www.sincomam.org.br\/index.php\/wp-json\/wp\/v2\/posts\/31401\/revisions"}],"predecessor-version":[{"id":31402,"href":"https:\/\/www.sincomam.org.br\/index.php\/wp-json\/wp\/v2\/posts\/31401\/revisions\/31402"}],"wp:featuredmedia":[{"embeddable":true,"href":"https:\/\/www.sincomam.org.br\/index.php\/wp-json\/wp\/v2\/media\/3306"}],"wp:attachment":[{"href":"https:\/\/www.sincomam.org.br\/index.php\/wp-json\/wp\/v2\/media?parent=31401"}],"wp:term":[{"taxonomy":"category","embeddable":true,"href":"https:\/\/www.sincomam.org.br\/index.php\/wp-json\/wp\/v2\/categories?post=31401"},{"taxonomy":"post_tag","embeddable":true,"href":"https:\/\/www.sincomam.org.br\/index.php\/wp-json\/wp\/v2\/tags?post=31401"}],"curies":[{"name":"wp","href":"https:\/\/api.w.org\/{rel}","templated":true}]}}