{"id":31393,"date":"2020-09-02T09:11:54","date_gmt":"2020-09-02T12:11:54","guid":{"rendered":"http:\/\/www.sincomam.org.br\/?p=31393"},"modified":"2020-09-02T09:13:02","modified_gmt":"2020-09-02T12:13:02","slug":"balanca-comercial-registra-superavit-de-us-66-bilhoes-em-agosto","status":"publish","type":"post","link":"https:\/\/www.sincomam.org.br\/index.php\/balanca-comercial-registra-superavit-de-us-66-bilhoes-em-agosto\/","title":{"rendered":"Balan\u00e7a comercial registra super\u00e1vit de US$ 6,6 bilh\u00f5es em agosto"},"content":{"rendered":"<p><strong><em>\u00c9 o melhor resultado para o m\u00eas de agosto desde o in\u00edcio da s\u00e9rie hist\u00f3rica<\/em><\/strong><\/p>\n<p>Em agosto, a balan\u00e7a comercial brasileira registrou um super\u00e1vit de US$ 6,6 bilh\u00f5es. Isso significa dizer que, no per\u00edodo, o pa\u00eds exportou mais do que importou. As exporta\u00e7\u00f5es, no m\u00eas passado, somaram US$ 17,7 bilh\u00f5es; e as importa\u00e7\u00f5es, US$ 11,1 bilh\u00f5es. Os dados foram divulgados nesta ter\u00e7a-feira (1) pela Secretaria de Com\u00e9rcio Exterior do Minist\u00e9rio da Economia.<\/p>\n<p><em>\u201cEsse saldo comercial de US$ 6,6 bilh\u00f5es aumentou quase 70% (68,9%) em rela\u00e7\u00e3o ao saldo de agosto do ano passado. \u00c9 o melhor para meses de agosto da s\u00e9rie hist\u00f3rica. O maior anterior havia sido em agosto de 2017, de US$ 5,6 bilh\u00f5es\u201d, disse o subsecret\u00e1rio de Intelig\u00eancia e Estat\u00edsticas de Com\u00e9rcio Exterior, Herlon Alves Brand\u00e3o.<\/em><\/p>\n<p>Mesmo com o super\u00e1vit, o valor das exporta\u00e7\u00f5es em agosto teve queda de 5,5% e as importa\u00e7\u00f5es registraram um recuo de 25,1% em compara\u00e7\u00e3o ao mesmo per\u00edodo.<\/p>\n<p><strong>Acumulado de 2020<\/strong><\/p>\n<p>No acumulado deste ano, ou seja, de janeiro a agosto, a balan\u00e7a comercial registrou super\u00e1vit de US$ 36,6 bilh\u00f5es, 14,4% maior do que o saldo de 2019, que foi de US$ 32,2 bilh\u00f5es. Segundo o Minist\u00e9rio da Economia, nos primeiros oito meses deste ano, o Brasil exportou US$ 138,6 bilh\u00f5es e importou, US$ 102 bilh\u00f5es.<\/p>\n<p><strong>Agropecu\u00e1ria<\/strong><\/p>\n<p>No m\u00eas passado, comparando com igual m\u00eas do ano anterior, o setor que mais se destacou nas exporta\u00e7\u00f5es, pela m\u00e9dia di\u00e1ria, foi o de Agropecu\u00e1ria, que registrou um crescimento de US$ 24,13 milh\u00f5es, de 14,6%.<\/p>\n<p><strong>Exporta\u00e7\u00f5es foram maiores para a \u00c1sia<\/strong><\/p>\n<p>Segundo o secret\u00e1rio, em agosto, as exporta\u00e7\u00f5es brasileiras para a \u00c1sia tiveram destaque. \u201cCresceram 8,7%; e n\u00e3o s\u00f3 para a China. Pra China, apresentou um crescimento de 13,4%, mas ASEAN (Associa\u00e7\u00e3o de Na\u00e7\u00f5es do Sudeste Asi\u00e1tico) tamb\u00e9m cresce bastante como destino das exporta\u00e7\u00f5es brasileiras; e; no m\u00eas; houve aumento de 12,8%\u201d, disse.<\/p>\n<p><strong>Previs\u00e3o saldo<\/strong><\/p>\n<p>A expectativa do Minist\u00e9rio da Economia para 2020 do saldo da balan\u00e7a comercial brasileira \u00e9 de US$ 55,4 bilh\u00f5es. \u201cIsso significa um aumento de 15,2% em rela\u00e7\u00e3o ao saldo de 2019\u201d, disse Brand\u00e3o. Esse resultado, segundo ele, deve ser revisto em setembro.<\/p>\n<p>*Com informa\u00e7\u00f5es do Gov Br<\/p>\n","protected":false},"excerpt":{"rendered":"<p>\u00c9 o melhor resultado para o m\u00eas de agosto desde o in\u00edcio da s\u00e9rie hist\u00f3rica Em agosto, a balan\u00e7a comercial brasileira registrou um super\u00e1vit de&#8230;<\/p>\n","protected":false},"author":1182,"featured_media":286,"comment_status":"closed","ping_status":"closed","sticky":false,"template":"","format":"standard","meta":{"footnotes":""},"categories":[6],"tags":[3746,61,988,151,830,3747],"class_list":["post-31393","post","type-post","status-publish","format-standard","has-post-thumbnail","hentry","category-noticias","tag-balanca","tag-brasil","tag-comercio","tag-exportacao","tag-importacao","tag-superavit"],"_links":{"self":[{"href":"https:\/\/www.sincomam.org.br\/index.php\/wp-json\/wp\/v2\/posts\/31393","targetHints":{"allow":["GET"]}}],"collection":[{"href":"https:\/\/www.sincomam.org.br\/index.php\/wp-json\/wp\/v2\/posts"}],"about":[{"href":"https:\/\/www.sincomam.org.br\/index.php\/wp-json\/wp\/v2\/types\/post"}],"author":[{"embeddable":true,"href":"https:\/\/www.sincomam.org.br\/index.php\/wp-json\/wp\/v2\/users\/1182"}],"replies":[{"embeddable":true,"href":"https:\/\/www.sincomam.org.br\/index.php\/wp-json\/wp\/v2\/comments?post=31393"}],"version-history":[{"count":2,"href":"https:\/\/www.sincomam.org.br\/index.php\/wp-json\/wp\/v2\/posts\/31393\/revisions"}],"predecessor-version":[{"id":31395,"href":"https:\/\/www.sincomam.org.br\/index.php\/wp-json\/wp\/v2\/posts\/31393\/revisions\/31395"}],"wp:featuredmedia":[{"embeddable":true,"href":"https:\/\/www.sincomam.org.br\/index.php\/wp-json\/wp\/v2\/media\/286"}],"wp:attachment":[{"href":"https:\/\/www.sincomam.org.br\/index.php\/wp-json\/wp\/v2\/media?parent=31393"}],"wp:term":[{"taxonomy":"category","embeddable":true,"href":"https:\/\/www.sincomam.org.br\/index.php\/wp-json\/wp\/v2\/categories?post=31393"},{"taxonomy":"post_tag","embeddable":true,"href":"https:\/\/www.sincomam.org.br\/index.php\/wp-json\/wp\/v2\/tags?post=31393"}],"curies":[{"name":"wp","href":"https:\/\/api.w.org\/{rel}","templated":true}]}}