{"id":31390,"date":"2020-09-02T08:57:53","date_gmt":"2020-09-02T11:57:53","guid":{"rendered":"http:\/\/www.sincomam.org.br\/?p=31390"},"modified":"2020-09-02T08:57:53","modified_gmt":"2020-09-02T11:57:53","slug":"tocantins-recebe-lanchas-para-apoio-ao-ensino-profissional-maritimo","status":"publish","type":"post","link":"https:\/\/www.sincomam.org.br\/index.php\/tocantins-recebe-lanchas-para-apoio-ao-ensino-profissional-maritimo\/","title":{"rendered":"Tocantins recebe lanchas para apoio ao Ensino Profissional Mar\u00edtimo"},"content":{"rendered":"<p><strong><em>Embarca\u00e7\u00e3o da Marinha \u00e9 recebida pela Capitania Fluvial do Araguaia<\/em><\/strong><\/p>\n<p>A Marinha do Brasil divulgou que a Capitania Fluvial do Araguaia-Tocantins (CFAT), organiza\u00e7\u00e3o militar subordinada ao Comando do 7\u00ba Distrito Naval, recebeu duas Lanchas de Apoio ao Ensino e Patrulha de 7 m (LAEP-7), em Palmas (TO).<\/p>\n<p>Segundo a Marinha, as lanchas ser\u00e3o empregadas em apoio ao ensino profissional mar\u00edtimo, durante o adestramento dos alunos do curso de forma\u00e7\u00e3o de Aquavi\u00e1rios e nas A\u00e7\u00f5es de Fiscaliza\u00e7\u00e3o do Tr\u00e1fego Aquavi\u00e1rio, especificamente no trecho do lago formado pela Usina Hidrel\u00e9trica Lu\u00eds Eduardo Magalh\u00e3es, entre os munic\u00edpios de Ipueiras e Lajeado (TO).<\/p>\n<p><em>&#8220;Ap\u00f3s um per\u00edodo no Centro de Manuten\u00e7\u00e3o de Embarca\u00e7\u00f5es Mi\u00fadas para remotoriza\u00e7\u00e3o, as duas LAEP-7 foram redirecionadas para atuar na \u00e1rea de jurisdi\u00e7\u00e3o da CFAT. As embarca\u00e7\u00f5es possuem capacidade para quatro tripulantes e seis passageiros, tendo como principais modifica\u00e7\u00f5es, durante seu per\u00edodo de manuten\u00e7\u00e3o, a retirada do motor central (fixo) e instala\u00e7\u00e3o de dois motores de popa de 115 hp em ambas as embarca\u00e7\u00f5es&#8221;, informou o comunicado<\/em>.<\/p>\n<p>*Com informa\u00e7\u00f5es da Marinha do Brasil\/ Foto: MB<\/p>\n","protected":false},"excerpt":{"rendered":"<p>Embarca\u00e7\u00e3o da Marinha \u00e9 recebida pela Capitania Fluvial do Araguaia A Marinha do Brasil divulgou que a Capitania Fluvial do Araguaia-Tocantins (CFAT), organiza\u00e7\u00e3o militar subordinada&#8230;<\/p>\n","protected":false},"author":1182,"featured_media":31391,"comment_status":"closed","ping_status":"closed","sticky":false,"template":"","format":"standard","meta":{"footnotes":""},"categories":[6],"tags":[3745,352,1013,3744],"class_list":["post-31390","post","type-post","status-publish","format-standard","has-post-thumbnail","hentry","category-noticias","tag-capitania-fluvial-do-araguaia","tag-embarcacao","tag-marinha-do-brasil","tag-tocantis"],"_links":{"self":[{"href":"https:\/\/www.sincomam.org.br\/index.php\/wp-json\/wp\/v2\/posts\/31390","targetHints":{"allow":["GET"]}}],"collection":[{"href":"https:\/\/www.sincomam.org.br\/index.php\/wp-json\/wp\/v2\/posts"}],"about":[{"href":"https:\/\/www.sincomam.org.br\/index.php\/wp-json\/wp\/v2\/types\/post"}],"author":[{"embeddable":true,"href":"https:\/\/www.sincomam.org.br\/index.php\/wp-json\/wp\/v2\/users\/1182"}],"replies":[{"embeddable":true,"href":"https:\/\/www.sincomam.org.br\/index.php\/wp-json\/wp\/v2\/comments?post=31390"}],"version-history":[{"count":1,"href":"https:\/\/www.sincomam.org.br\/index.php\/wp-json\/wp\/v2\/posts\/31390\/revisions"}],"predecessor-version":[{"id":31392,"href":"https:\/\/www.sincomam.org.br\/index.php\/wp-json\/wp\/v2\/posts\/31390\/revisions\/31392"}],"wp:featuredmedia":[{"embeddable":true,"href":"https:\/\/www.sincomam.org.br\/index.php\/wp-json\/wp\/v2\/media\/31391"}],"wp:attachment":[{"href":"https:\/\/www.sincomam.org.br\/index.php\/wp-json\/wp\/v2\/media?parent=31390"}],"wp:term":[{"taxonomy":"category","embeddable":true,"href":"https:\/\/www.sincomam.org.br\/index.php\/wp-json\/wp\/v2\/categories?post=31390"},{"taxonomy":"post_tag","embeddable":true,"href":"https:\/\/www.sincomam.org.br\/index.php\/wp-json\/wp\/v2\/tags?post=31390"}],"curies":[{"name":"wp","href":"https:\/\/api.w.org\/{rel}","templated":true}]}}