{"id":31369,"date":"2020-09-01T15:43:42","date_gmt":"2020-09-01T18:43:42","guid":{"rendered":"http:\/\/www.sincomam.org.br\/?p=31369"},"modified":"2020-09-01T15:43:42","modified_gmt":"2020-09-01T18:43:42","slug":"pib-brasileiro-recua-97-no-segundo-trimestre","status":"publish","type":"post","link":"https:\/\/www.sincomam.org.br\/index.php\/pib-brasileiro-recua-97-no-segundo-trimestre\/","title":{"rendered":"PIB brasileiro recua 9,7% no segundo trimestre"},"content":{"rendered":"<p><strong><em>Dados foram divulgados nesta ter\u00e7a-feira (1\u00ba) pelo IBGE<\/em><\/strong><\/p>\n<p>O Produto Interno Bruto (PIB), que \u00e9 a soma de todos os bens e servi\u00e7os produzidos no pa\u00eds, teve queda de 9,7% no segundo trimestre deste ano, na compara\u00e7\u00e3o com o trimestre anterior. Os dados foram divulgados hoje (1\u00ba) pelo Instituto Brasileiro de Geografia e Estat\u00edstica (IBGE).<\/p>\n<p>Na compara\u00e7\u00e3o com o segundo trimestre de 2019, o PIB caiu 11,4%. Ambas as taxas foram as quedas mais intensas da s\u00e9rie, iniciada em 1996. No acumulado dos quatro trimestres terminados em junho, houve queda de 2,2% em rela\u00e7\u00e3o aos quatro trimestres imediatamente anteriores.<\/p>\n<p>No primeiro semestre de 2020, o PIB caiu 5,9% em rela\u00e7\u00e3o a igual per\u00edodo de 2019. Nesta compara\u00e7\u00e3o, houve desempenho positivo para a agropecu\u00e1ria (1,6%) e quedas na ind\u00fastria (-6,5%) e nos servi\u00e7os (-5,9%).<\/p>\n<p>Em valores correntes, o PIB no segundo trimestre de 2020 totalizou R$ 1,653 trilh\u00e3o, sendo R$ 1,478 trilh\u00e3o em Valor Adicionado (VA) a pre\u00e7os b\u00e1sicos e R$ 175,4 bilh\u00f5es em Impostos sobre Produtos L\u00edquidos de Subs\u00eddios.<\/p>\n<p>Segundo o IBGE, o PIB do segundo trimestre foi afetado pelo auge das medidas de distanciamento social para controle da pandemia de covid-19, adotadas em v\u00e1rios pontos do pa\u00eds a partir de meados de mar\u00e7o.<\/p>\n<p>De acordo com o instituto, o PIB est\u00e1 no mesmo patamar do final de 2009, quando ocorreu o auge dos impactos da crise global provocada pela onda de quebras na economia americana.<\/p>\n<p>Segundo os dados, a retra\u00e7\u00e3o da economia brasileira resulta das quedas hist\u00f3ricas de 12,3% na ind\u00fastria e de 9,7% nos servi\u00e7os. Somados, ind\u00fastria e servi\u00e7os representam 95% do PIB nacional. J\u00e1 a agropecu\u00e1ria cresceu 0,4%, puxada, principalmente, pela produ\u00e7\u00e3o de soja e caf\u00e9<\/p>\n<p><em>\u201cEsses resultados referem-se ao auge do isolamento social, quando diversas atividades econ\u00f4micas foram parcial ou totalmente paralisadas para enfrentamento da pandemia\u201d, disse, em nota, a coordenadora de Contas Nacionais do IBGE, Rebeca Palis.<\/em><\/p>\n<p><strong>Consumo das fam\u00edlias<\/strong><\/p>\n<p>Pelo lado da demanda, a maior queda foi no consumo das fam\u00edlias (-12,5%), que representa 65% do PIB. \u201cO consumo das fam\u00edlias n\u00e3o caiu mais porque tivemos programas de apoio financeiro do governo. Isso injetou liquidez na economia. Tamb\u00e9m houve um crescimento do cr\u00e9dito voltado \u00e0s pessoas f\u00edsicas, que compensou um pouco os efeitos negativos\u201d, afirmou Rebeca.<\/p>\n<p>O consumo do governo recuou 8,8% no segundo trimestre devido \u00e0s quedas em sa\u00fade e educa\u00e7\u00e3o p\u00fablicas, segundo a coordenadora do IBGE. \u201cNa sa\u00fade, os gastos ficaram mais focados no combate \u00e0 covid-19, e as pessoas tiveram receio de buscar outros servi\u00e7os, como consultas e exames, durante a pandemia. Na educa\u00e7\u00e3o, utilizamos nas contas o percentual do Minist\u00e9rio da Educa\u00e7\u00e3o de alunos que tiveram aulas ou n\u00e3o. Isso fez com o que o consumo do governo ca\u00edsse bastante tamb\u00e9m.\u201d<\/p>\n<p>Segundo o IBGE, os investimentos (Forma\u00e7\u00e3o Bruta de Capital Fixo) recuaram 15,4%, por conta da queda na constru\u00e7\u00e3o e na produ\u00e7\u00e3o interna de bens de capital. Somente importa\u00e7\u00e3o de bens de capital cresceu no per\u00edodo.<\/p>\n<p>A balan\u00e7a de bens e servi\u00e7os registrou alta de 1,8% nas exporta\u00e7\u00f5es, enquanto as importa\u00e7\u00f5es recuaram 13,2%. \u201cEssa alta nas exporta\u00e7\u00f5es tem muito a ver com as commodities, produtos aliment\u00edcios e petr\u00f3leo. J\u00e1 as importa\u00e7\u00f5es ca\u00edram em v\u00e1rios setores, de ve\u00edculos, toda a parte de servi\u00e7o, viagens, j\u00e1 que tudo parou devido \u00e0 pandemia\u201d, disse Rebeca.<\/p>\n<p>Fonte: Ag\u00eancia Brasil<\/p>\n","protected":false},"excerpt":{"rendered":"<p>Dados foram divulgados nesta ter\u00e7a-feira (1\u00ba) pelo IBGE O Produto Interno Bruto (PIB), que \u00e9 a soma de todos os bens e servi\u00e7os produzidos no&#8230;<\/p>\n","protected":false},"author":1182,"featured_media":18164,"comment_status":"closed","ping_status":"closed","sticky":false,"template":"","format":"standard","meta":{"footnotes":""},"categories":[6],"tags":[61,1848,293,1051,3691,3251],"class_list":["post-31369","post","type-post","status-publish","format-standard","has-post-thumbnail","hentry","category-noticias","tag-brasil","tag-ibge","tag-pib","tag-queda","tag-taxas","tag-trimestre"],"_links":{"self":[{"href":"https:\/\/www.sincomam.org.br\/index.php\/wp-json\/wp\/v2\/posts\/31369","targetHints":{"allow":["GET"]}}],"collection":[{"href":"https:\/\/www.sincomam.org.br\/index.php\/wp-json\/wp\/v2\/posts"}],"about":[{"href":"https:\/\/www.sincomam.org.br\/index.php\/wp-json\/wp\/v2\/types\/post"}],"author":[{"embeddable":true,"href":"https:\/\/www.sincomam.org.br\/index.php\/wp-json\/wp\/v2\/users\/1182"}],"replies":[{"embeddable":true,"href":"https:\/\/www.sincomam.org.br\/index.php\/wp-json\/wp\/v2\/comments?post=31369"}],"version-history":[{"count":1,"href":"https:\/\/www.sincomam.org.br\/index.php\/wp-json\/wp\/v2\/posts\/31369\/revisions"}],"predecessor-version":[{"id":31370,"href":"https:\/\/www.sincomam.org.br\/index.php\/wp-json\/wp\/v2\/posts\/31369\/revisions\/31370"}],"wp:featuredmedia":[{"embeddable":true,"href":"https:\/\/www.sincomam.org.br\/index.php\/wp-json\/wp\/v2\/media\/18164"}],"wp:attachment":[{"href":"https:\/\/www.sincomam.org.br\/index.php\/wp-json\/wp\/v2\/media?parent=31369"}],"wp:term":[{"taxonomy":"category","embeddable":true,"href":"https:\/\/www.sincomam.org.br\/index.php\/wp-json\/wp\/v2\/categories?post=31369"},{"taxonomy":"post_tag","embeddable":true,"href":"https:\/\/www.sincomam.org.br\/index.php\/wp-json\/wp\/v2\/tags?post=31369"}],"curies":[{"name":"wp","href":"https:\/\/api.w.org\/{rel}","templated":true}]}}