{"id":31367,"date":"2020-09-01T15:33:21","date_gmt":"2020-09-01T18:33:21","guid":{"rendered":"http:\/\/www.sincomam.org.br\/?p=31367"},"modified":"2020-09-01T15:33:21","modified_gmt":"2020-09-01T18:33:21","slug":"governo-anuncia-a-prorrogacao-do-auxilio-emergencial","status":"publish","type":"post","link":"https:\/\/www.sincomam.org.br\/index.php\/governo-anuncia-a-prorrogacao-do-auxilio-emergencial\/","title":{"rendered":"Governo anuncia a prorroga\u00e7\u00e3o do Aux\u00edlio Emergencial"},"content":{"rendered":"<p><strong><em>No total, ser\u00e3o pagas 9 parcelas para cada trabalhador aprovado no programa<\/em><\/strong><\/p>\n<p>O presidente Jair Bolsonaro anunciou nesta ter\u00e7a-feira (1\u00ba) que o Aux\u00edlio Emergencial ser\u00e1 prorrogado por mais 4 meses. O valor do benef\u00edcio, no entanto, ser\u00e1 reduzido para R$ 300 para essas parcelas.<\/p>\n<p>Com isso, cada trabalhador aprovado no programa ter\u00e1 recebido, ao final dos pagamentos, R$ 4,2 mil: cinco parcelas de R$ 600, e quatro parcelas de R$ 300. O valor dobra no caso de m\u00e3es que s\u00e3o chefes de fam\u00edlia.<\/p>\n<p>At\u00e9 o momento, o governo j\u00e1 pagou as cinco parcelas de R$ 600 aos benefici\u00e1rios que fazem parte do Bolsa Fam\u00edlia. Com isso, as novas parcelas devem ser pagas at\u00e9 dezembro, seguindo o calend\u00e1rio do pr\u00f3prio bolsa. Os trabalhadores, nesse caso, recebem o benef\u00edcio que for mais vantajoso entre os dois.<\/p>\n<p>Para os demais trabalhadores, o pagamento da quinta parcela teve in\u00edcio em 28 de agosto, no caso dos aprovados no primeiro lote. Lotes posteriores de trabalhadores tamb\u00e9m aprovados t\u00eam previstos os pagamentos das 5 parcelas de R$ 600 at\u00e9 30 de novembro na poupan\u00e7a social digital. J\u00e1 os saques e transfer\u00eancias ser\u00e3o realizados entre 19 de setembro e 15 de dezembro. As datas de pagamento das novas parcelas ainda n\u00e3o foram anunciadas.<\/p>\n<p>Para os que estavam no Cadastro \u00danico, mas n\u00e3o recebiam o Bolsa Fam\u00edlia e as mulheres chefes de fam\u00edlia, o calend\u00e1rio de pagamentos \u00e9 o mesmo do primeiro lote dos inscritos via aplicativo e site. No caso dos que j\u00e1 recebiam o Bolsa Fam\u00edlia, os pagamentos do novo benef\u00edcio seguem as mesmas datas previstas para o Bolsa.<\/p>\n<p>Quem se inscreveu para receber a ajuda por meio do aplicativo ou do site do programa tem calend\u00e1rios de pagamentos divididos em sete lotes, em cada uma das cinco parcelas com datas de pagamento j\u00e1 definidas. Isso acontece porque o pagamento \u00e9 liberado \u00e0 medida que os inscritos v\u00e3o sendo aprovados ou reavaliados.<\/p>\n<p>Os trabalhadores eleg\u00edveis ao Aux\u00edlio Emergencial t\u00eam diferentes calend\u00e1rios para receber os benef\u00edcios.<\/p>\n<p>No total, at\u00e9 o momento, s\u00e3o sete lotes de pagamento, que contemplam os trabalhadores que foram aprovados at\u00e9 julho ou tiveram o pedido reavaliado para receber o Aux\u00edlio.<\/p>\n<p>Fonte: G1\/Economia<\/p>\n","protected":false},"excerpt":{"rendered":"<p>No total, ser\u00e3o pagas 9 parcelas para cada trabalhador aprovado no programa O presidente Jair Bolsonaro anunciou nesta ter\u00e7a-feira (1\u00ba) que o Aux\u00edlio Emergencial ser\u00e1&#8230;<\/p>\n","protected":false},"author":1182,"featured_media":29243,"comment_status":"closed","ping_status":"closed","sticky":false,"template":"","format":"standard","meta":{"footnotes":""},"categories":[6],"tags":[1757,432,192,754,1654],"class_list":["post-31367","post","type-post","status-publish","format-standard","has-post-thumbnail","hentry","category-noticias","tag-auxilio","tag-emergencial","tag-governo","tag-programa","tag-prorrogacao"],"_links":{"self":[{"href":"https:\/\/www.sincomam.org.br\/index.php\/wp-json\/wp\/v2\/posts\/31367","targetHints":{"allow":["GET"]}}],"collection":[{"href":"https:\/\/www.sincomam.org.br\/index.php\/wp-json\/wp\/v2\/posts"}],"about":[{"href":"https:\/\/www.sincomam.org.br\/index.php\/wp-json\/wp\/v2\/types\/post"}],"author":[{"embeddable":true,"href":"https:\/\/www.sincomam.org.br\/index.php\/wp-json\/wp\/v2\/users\/1182"}],"replies":[{"embeddable":true,"href":"https:\/\/www.sincomam.org.br\/index.php\/wp-json\/wp\/v2\/comments?post=31367"}],"version-history":[{"count":1,"href":"https:\/\/www.sincomam.org.br\/index.php\/wp-json\/wp\/v2\/posts\/31367\/revisions"}],"predecessor-version":[{"id":31368,"href":"https:\/\/www.sincomam.org.br\/index.php\/wp-json\/wp\/v2\/posts\/31367\/revisions\/31368"}],"wp:featuredmedia":[{"embeddable":true,"href":"https:\/\/www.sincomam.org.br\/index.php\/wp-json\/wp\/v2\/media\/29243"}],"wp:attachment":[{"href":"https:\/\/www.sincomam.org.br\/index.php\/wp-json\/wp\/v2\/media?parent=31367"}],"wp:term":[{"taxonomy":"category","embeddable":true,"href":"https:\/\/www.sincomam.org.br\/index.php\/wp-json\/wp\/v2\/categories?post=31367"},{"taxonomy":"post_tag","embeddable":true,"href":"https:\/\/www.sincomam.org.br\/index.php\/wp-json\/wp\/v2\/tags?post=31367"}],"curies":[{"name":"wp","href":"https:\/\/api.w.org\/{rel}","templated":true}]}}