{"id":31364,"date":"2020-09-01T10:10:04","date_gmt":"2020-09-01T13:10:04","guid":{"rendered":"http:\/\/www.sincomam.org.br\/?p=31364"},"modified":"2020-09-01T15:24:41","modified_gmt":"2020-09-01T18:24:41","slug":"petrobras-adota-modelo-permanente-de-teletrabalho-para-funcionarios","status":"publish","type":"post","link":"https:\/\/www.sincomam.org.br\/index.php\/petrobras-adota-modelo-permanente-de-teletrabalho-para-funcionarios\/","title":{"rendered":"Petrobras adota modelo permanente de teletrabalho para funcion\u00e1rios"},"content":{"rendered":"<p><em><strong>Empregados poder\u00e3o trabalhar de casa at\u00e9 tr\u00eas dias por semana<\/strong><\/em><\/p>\n<p>A Petrobras informa que vai implementar o modelo permanente de teletrabalho para seus empregados de regime administrativo. Segundo a estatal, a nova regra passar\u00e1 a ser utilizada quando for autorizado o retorno desses empregados aos seus locais de trabalho presencial.<\/p>\n<p><em>&#8220;O teletrabalho permanente tem ades\u00e3o volunt\u00e1ria e limite de at\u00e9 tr\u00eas dias por semana. Com esse modelo h\u00edbrido de atua\u00e7\u00e3o, nas instala\u00e7\u00f5es e \u00e0 dist\u00e2ncia, ser\u00e1 mantida a intera\u00e7\u00e3o presencial entre colegas, o que contribui para a constru\u00e7\u00e3o do sentimento de time, o desenvolvimento das pessoas e o fortalecimento da cultura Petrobras. O modelo tamb\u00e9m pode ajudar na redu\u00e7\u00e3o de custos por meio da otimiza\u00e7\u00e3o da ocupa\u00e7\u00e3o de pr\u00e9dios administrativos&#8221;, disse a estatal, em comunicado.\u00a0<\/em><\/p>\n<p>Segundo a companhia, a constru\u00e7\u00e3o do modelo levou em conta as escutas, feitas por meio de reuni\u00f5es com as entidades sindicais e pesquisa interna, al\u00e9m de pr\u00e1ticas observadas em outras empresas.<\/p>\n<p><em>&#8220;O teletrabalho praticado atualmente em fun\u00e7\u00e3o da pandemia, no modelo de cinco dias por semana, ser\u00e1 mantido at\u00e9 o fim do ano. A Petrobras continuar\u00e1 monitorando os cen\u00e1rios interno e externo, com avalia\u00e7\u00e3o constante das decis\u00f5es tomadas, tendo sempre como foco a seguran\u00e7a de todos&#8221;, esclareceu a Petrobras, na nota.<\/em><\/p>\n<p>*Com informa\u00e7\u00f5es da Ag\u00eancia Petrobras<\/p>\n","protected":false},"excerpt":{"rendered":"<p>Empregados poder\u00e3o trabalhar de casa at\u00e9 tr\u00eas dias por semana A Petrobras informa que vai implementar o modelo permanente de teletrabalho para seus empregados de&#8230;<\/p>\n","protected":false},"author":1182,"featured_media":17775,"comment_status":"closed","ping_status":"closed","sticky":false,"template":"","format":"standard","meta":{"footnotes":""},"categories":[6],"tags":[3738,217,3737,58,3301],"class_list":["post-31364","post","type-post","status-publish","format-standard","has-post-thumbnail","hentry","category-noticias","tag-adocao","tag-funcionarios","tag-permanente","tag-petrobras","tag-teletrabalho"],"_links":{"self":[{"href":"https:\/\/www.sincomam.org.br\/index.php\/wp-json\/wp\/v2\/posts\/31364","targetHints":{"allow":["GET"]}}],"collection":[{"href":"https:\/\/www.sincomam.org.br\/index.php\/wp-json\/wp\/v2\/posts"}],"about":[{"href":"https:\/\/www.sincomam.org.br\/index.php\/wp-json\/wp\/v2\/types\/post"}],"author":[{"embeddable":true,"href":"https:\/\/www.sincomam.org.br\/index.php\/wp-json\/wp\/v2\/users\/1182"}],"replies":[{"embeddable":true,"href":"https:\/\/www.sincomam.org.br\/index.php\/wp-json\/wp\/v2\/comments?post=31364"}],"version-history":[{"count":1,"href":"https:\/\/www.sincomam.org.br\/index.php\/wp-json\/wp\/v2\/posts\/31364\/revisions"}],"predecessor-version":[{"id":31366,"href":"https:\/\/www.sincomam.org.br\/index.php\/wp-json\/wp\/v2\/posts\/31364\/revisions\/31366"}],"wp:featuredmedia":[{"embeddable":true,"href":"https:\/\/www.sincomam.org.br\/index.php\/wp-json\/wp\/v2\/media\/17775"}],"wp:attachment":[{"href":"https:\/\/www.sincomam.org.br\/index.php\/wp-json\/wp\/v2\/media?parent=31364"}],"wp:term":[{"taxonomy":"category","embeddable":true,"href":"https:\/\/www.sincomam.org.br\/index.php\/wp-json\/wp\/v2\/categories?post=31364"},{"taxonomy":"post_tag","embeddable":true,"href":"https:\/\/www.sincomam.org.br\/index.php\/wp-json\/wp\/v2\/tags?post=31364"}],"curies":[{"name":"wp","href":"https:\/\/api.w.org\/{rel}","templated":true}]}}