{"id":31334,"date":"2020-08-31T11:14:46","date_gmt":"2020-08-31T14:14:46","guid":{"rendered":"http:\/\/www.sincomam.org.br\/?p=31334"},"modified":"2020-08-31T12:44:48","modified_gmt":"2020-08-31T15:44:48","slug":"covid-19-nova-etapa-de-testes-no-rio-de-janeiro-comeca-amanha","status":"publish","type":"post","link":"https:\/\/www.sincomam.org.br\/index.php\/covid-19-nova-etapa-de-testes-no-rio-de-janeiro-comeca-amanha\/","title":{"rendered":"Covid-19: nova etapa de testes no Rio de Janeiro come\u00e7a hoje"},"content":{"rendered":"<p><strong><em>Ser\u00e3o testados 3,2 mil moradores de seis comunidades da capital<\/em><\/strong><\/p>\n<p>A quarta etapa da testagem r\u00e1pida para covid-19 em comunidades cariocas come\u00e7a nesta segunda-feira (31). Dessa vez, a Secretaria Municipal de Sa\u00fade (SMS) vai levar a a\u00e7\u00e3o \u00e0 Mangueira, ao Complexo do Borel, ao Jacar\u00e9, ao Jacarezinho, ao Santo Cristo e \u00e0 Gamboa, onde 3,2 mil moradores ser\u00e3o testados ao longo da semana. O trabalho segue at\u00e9 sexta-feira (4\/8).<\/p>\n<p>A metodologia \u00e9 baseada na escolha aleat\u00f3ria de \u00e1reas e moradores da comunidade. O sorteio das micro \u00e1reas a serem percorridas \u00e9 realizado pelas equipes da Aten\u00e7\u00e3o Prim\u00e1ria. As \u00e1reas j\u00e1 est\u00e3o mapeadas pela Estrat\u00e9gia de Sa\u00fade da Fam\u00edlia. De acordo com a SMS, a inten\u00e7\u00e3o da estrat\u00e9gia \u00e9 ter cobertura representativa da popula\u00e7\u00e3o local.<\/p>\n<p>Durante a a\u00e7\u00e3o nessas \u00e1reas, os agentes v\u00e3o de casa em casa e oferecem o teste. Somente um membro da fam\u00edlia \u00e9 escolhido em cada resid\u00eancia. Nesse caso, a escolha \u00e9 feita com a participa\u00e7\u00e3o dos moradores. O teste r\u00e1pido \u00e9 aplicado na pr\u00f3pria casa e a coleta de uma gota de sangue \u00e9 feita ap\u00f3s uma espetadinha na ponta do dedo. O resultado, segundo a SMS, sai na hora.<\/p>\n<p>Al\u00e9m de identificar os anticorpos produzidos na fase inicial da doen\u00e7a, a partir do 8\u00ba dia de infec\u00e7\u00e3o, o teste \u00e9 capaz de indicar os que s\u00e3o produzidos em fases mais tardias da doen\u00e7a ou ap\u00f3s a recupera\u00e7\u00e3o do doente. Mesmo quem foi infectado, mas n\u00e3o apresentou sintomas, pode ser identificado.<\/p>\n<p><strong>Etapas anteriores<\/strong><\/p>\n<p>Nas tr\u00eas etapas anteriores foram testados 9.605 moradores de Realengo, Campo Grande, Rio das Pedras, Cidade de Deus, Rocinha e Mar\u00e9. A testagem come\u00e7ou em 1\u00ba de junho e conforme o cronograma, at\u00e9 novembro, vai chegar a 19 comunidades de v\u00e1rias regi\u00f5es do munic\u00edpio. A meta \u00e9 testar 20 mil pessoas que residem em favelas da capital.<\/p>\n<p>A secret\u00e1ria municipal de Sa\u00fade, Beatriz Busch, disse que com a testagem ser\u00e1 poss\u00edvel mapear o comportamento do v\u00edrus da covid-19 e monitorar a contamina\u00e7\u00e3o nas diversas regi\u00f5es da cidade. A op\u00e7\u00e3o por \u00e1reas mais carentes \u00e9 porque nessas comunidades os moradores enfrentam maiores riscos sanit\u00e1rios, t\u00eam maior vulnerabilidade social e mais dificuldade de manter o isolamento social recomendado para evitar propaga\u00e7\u00e3o do novo coronav\u00edrus.<\/p>\n<p>A SMS vai tamb\u00e9m identificar o percentual de infectados pelo Sars-CoV-2. As informa\u00e7\u00f5es ajudam na elabora\u00e7\u00e3o do planejamento estrat\u00e9gico de amplia\u00e7\u00e3o das atividades econ\u00f4micas e servi\u00e7os em geral.<\/p>\n<p>Ap\u00f3s a coleta dos dados pelos agentes de sa\u00fade da Subsecretaria de Promo\u00e7\u00e3o, Aten\u00e7\u00e3o Prim\u00e1ria e Vigil\u00e2ncia de Sa\u00fade (Subpav), as informa\u00e7\u00f5es s\u00e3o encaminhadas \u00e0 Subsecretaria de Vigil\u00e2ncia, Fiscaliza\u00e7\u00e3o Sanit\u00e1ria e Controle de Zoonoses (Subvisa), respons\u00e1vel pelo georreferenciamento das informa\u00e7\u00f5es para alimentar o Painel de Inqu\u00e9rito Soroepidemiol\u00f3gico Covid-19 desenvolvido por t\u00e9cnicos do Instituto Pereira Passos (IPP).<\/p>\n<p>Fonte: Ag\u00eancia Brasil<\/p>\n","protected":false},"excerpt":{"rendered":"<p>Ser\u00e3o testados 3,2 mil moradores de seis comunidades da capital A quarta etapa da testagem r\u00e1pida para covid-19 em comunidades cariocas come\u00e7a nesta segunda-feira (31)&#8230;.<\/p>\n","protected":false},"author":1182,"featured_media":30092,"comment_status":"closed","ping_status":"closed","sticky":false,"template":"","format":"standard","meta":{"footnotes":""},"categories":[6],"tags":[3733,2752,2751,59,2783],"class_list":["post-31334","post","type-post","status-publish","format-standard","has-post-thumbnail","hentry","category-noticias","tag-comunidades","tag-coronavirus","tag-covid-19","tag-rio-de-janeiro","tag-testes"],"_links":{"self":[{"href":"https:\/\/www.sincomam.org.br\/index.php\/wp-json\/wp\/v2\/posts\/31334","targetHints":{"allow":["GET"]}}],"collection":[{"href":"https:\/\/www.sincomam.org.br\/index.php\/wp-json\/wp\/v2\/posts"}],"about":[{"href":"https:\/\/www.sincomam.org.br\/index.php\/wp-json\/wp\/v2\/types\/post"}],"author":[{"embeddable":true,"href":"https:\/\/www.sincomam.org.br\/index.php\/wp-json\/wp\/v2\/users\/1182"}],"replies":[{"embeddable":true,"href":"https:\/\/www.sincomam.org.br\/index.php\/wp-json\/wp\/v2\/comments?post=31334"}],"version-history":[{"count":4,"href":"https:\/\/www.sincomam.org.br\/index.php\/wp-json\/wp\/v2\/posts\/31334\/revisions"}],"predecessor-version":[{"id":31356,"href":"https:\/\/www.sincomam.org.br\/index.php\/wp-json\/wp\/v2\/posts\/31334\/revisions\/31356"}],"wp:featuredmedia":[{"embeddable":true,"href":"https:\/\/www.sincomam.org.br\/index.php\/wp-json\/wp\/v2\/media\/30092"}],"wp:attachment":[{"href":"https:\/\/www.sincomam.org.br\/index.php\/wp-json\/wp\/v2\/media?parent=31334"}],"wp:term":[{"taxonomy":"category","embeddable":true,"href":"https:\/\/www.sincomam.org.br\/index.php\/wp-json\/wp\/v2\/categories?post=31334"},{"taxonomy":"post_tag","embeddable":true,"href":"https:\/\/www.sincomam.org.br\/index.php\/wp-json\/wp\/v2\/tags?post=31334"}],"curies":[{"name":"wp","href":"https:\/\/api.w.org\/{rel}","templated":true}]}}