{"id":31315,"date":"2020-08-28T11:19:15","date_gmt":"2020-08-28T14:19:15","guid":{"rendered":"http:\/\/www.sincomam.org.br\/?p=31315"},"modified":"2020-08-28T11:19:15","modified_gmt":"2020-08-28T14:19:15","slug":"caixa-inicia-pagamento-do-ciclo-2-do-auxilio-emergencial","status":"publish","type":"post","link":"https:\/\/www.sincomam.org.br\/index.php\/caixa-inicia-pagamento-do-ciclo-2-do-auxilio-emergencial\/","title":{"rendered":"Caixa inicia pagamento do ciclo 2 do aux\u00edlio emergencial"},"content":{"rendered":"<p><strong><em>Primeiros a receber s\u00e3o os benefici\u00e1rios nascidos em janeiro<\/em><\/strong><\/p>\n<p>A Caixa inicia hoje (28) o ciclo 2 de pagamentos das parcelas do aux\u00edlio emergencial. Os cr\u00e9ditos come\u00e7am pelos benefici\u00e1rios nascidos em janeiro. O segundo ciclo de pagamentos vai at\u00e9 27 de outubro.<\/p>\n<p>Neste ciclo, mais tr\u00eas p\u00fablicos foram inclu\u00eddos: trabalhadores que fizeram o cadastro nas ag\u00eancias dos Correios entre 2 de junho e 8 de julho; trabalhadores que fizeram a contesta\u00e7\u00e3o pelo site da Caixa ou App Caixa | Aux\u00edlio Emergencial de 3 de julho a 16 de agosto e foram considerados eleg\u00edveis; benefici\u00e1rios que tenham recebido a primeira parcela em meses anteriores, mas que tiveram o benef\u00edcio reavaliado em agosto. No caso das reavalia\u00e7\u00f5es, o benef\u00edcio foi liberado novamente para 148 mil pessoas.<\/p>\n<p>Hoje, quase 4 milh\u00f5es de brasileiros v\u00e3o receber o benef\u00edcio e j\u00e1 poder\u00e3o movimentar os recursos por meio do aplicativo Caixa Tem. Com ele \u00e9 poss\u00edvel pagar boletos e fazer compras na internet e nas maquininhas em mais de 1 milh\u00e3o de estabelecimentos comerciais.<\/p>\n<p>O calend\u00e1rio de pagamentos do aux\u00edlio emergencial \u00e9 organizado em ciclos de cr\u00e9dito em conta Poupan\u00e7a Social Digital e saque em esp\u00e9cie. Os benefici\u00e1rios recebem a parcela a que t\u00eam direito no per\u00edodo de acordo com o m\u00eas de nascimento.<\/p>\n<p>Aqueles que tiveram os pagamentos retidos v\u00e3o receber todas as parcelas a que t\u00eam direito de uma s\u00f3 vez, dentro do Ciclo 2. J\u00e1 os trabalhadores que optaram por realizar o cadastro nos Correios e aqueles que contestaram v\u00e3o receber a primeira parcela tamb\u00e9m nesta sexta-feira (28), dentro do Ciclo 2. As parcelas P2 e P3 ser\u00e3o pagas no Ciclo 3 e as parcelas P4 e P5, no Ciclo 4.<\/p>\n<p>Fonte: Ag\u00eancia Brasil<\/p>\n","protected":false},"excerpt":{"rendered":"<p>Primeiros a receber s\u00e3o os benefici\u00e1rios nascidos em janeiro A Caixa inicia hoje (28) o ciclo 2 de pagamentos das parcelas do aux\u00edlio emergencial. Os&#8230;<\/p>\n","protected":false},"author":1182,"featured_media":31073,"comment_status":"closed","ping_status":"closed","sticky":false,"template":"","format":"standard","meta":{"footnotes":""},"categories":[6],"tags":[1757,2377,390,432,204],"class_list":["post-31315","post","type-post","status-publish","format-standard","has-post-thumbnail","hentry","category-noticias","tag-auxilio","tag-beneficio","tag-caixa","tag-emergencial","tag-pagamento"],"_links":{"self":[{"href":"https:\/\/www.sincomam.org.br\/index.php\/wp-json\/wp\/v2\/posts\/31315","targetHints":{"allow":["GET"]}}],"collection":[{"href":"https:\/\/www.sincomam.org.br\/index.php\/wp-json\/wp\/v2\/posts"}],"about":[{"href":"https:\/\/www.sincomam.org.br\/index.php\/wp-json\/wp\/v2\/types\/post"}],"author":[{"embeddable":true,"href":"https:\/\/www.sincomam.org.br\/index.php\/wp-json\/wp\/v2\/users\/1182"}],"replies":[{"embeddable":true,"href":"https:\/\/www.sincomam.org.br\/index.php\/wp-json\/wp\/v2\/comments?post=31315"}],"version-history":[{"count":1,"href":"https:\/\/www.sincomam.org.br\/index.php\/wp-json\/wp\/v2\/posts\/31315\/revisions"}],"predecessor-version":[{"id":31316,"href":"https:\/\/www.sincomam.org.br\/index.php\/wp-json\/wp\/v2\/posts\/31315\/revisions\/31316"}],"wp:featuredmedia":[{"embeddable":true,"href":"https:\/\/www.sincomam.org.br\/index.php\/wp-json\/wp\/v2\/media\/31073"}],"wp:attachment":[{"href":"https:\/\/www.sincomam.org.br\/index.php\/wp-json\/wp\/v2\/media?parent=31315"}],"wp:term":[{"taxonomy":"category","embeddable":true,"href":"https:\/\/www.sincomam.org.br\/index.php\/wp-json\/wp\/v2\/categories?post=31315"},{"taxonomy":"post_tag","embeddable":true,"href":"https:\/\/www.sincomam.org.br\/index.php\/wp-json\/wp\/v2\/tags?post=31315"}],"curies":[{"name":"wp","href":"https:\/\/api.w.org\/{rel}","templated":true}]}}