{"id":31312,"date":"2020-08-28T10:59:24","date_gmt":"2020-08-28T13:59:24","guid":{"rendered":"http:\/\/www.sincomam.org.br\/?p=31312"},"modified":"2020-08-28T10:59:24","modified_gmt":"2020-08-28T13:59:24","slug":"eleicoes-2020-tse-amplia-horario-da-votacao-em-uma-hora-devido-a-pandemia","status":"publish","type":"post","link":"https:\/\/www.sincomam.org.br\/index.php\/eleicoes-2020-tse-amplia-horario-da-votacao-em-uma-hora-devido-a-pandemia\/","title":{"rendered":"Elei\u00e7\u00f5es 2020: TSE amplia hor\u00e1rio da vota\u00e7\u00e3o em uma hora devido \u00e0 pandemia"},"content":{"rendered":"<p><strong><em>Urnas ser\u00e3o abertas mais cedo, segundo tribunal<\/em><\/strong><\/p>\n<p>O Tribunal Superior Eleitoral (TSE) divulgou hoje (28) ter oficializado a amplia\u00e7\u00e3o em uma hora do hor\u00e1rio de vota\u00e7\u00e3o nas elei\u00e7\u00f5es municipais deste ano, cujo primeiro turno est\u00e1 marcado para 15 de novembro. Com isso, as urnas ser\u00e3o abertas mais cedo e ficar\u00e3o aptas a receber votos das 7h \u00e0s 17h, sempre no hor\u00e1rio local.<\/p>\n<p>De acordo com o TSE, o hor\u00e1rio de vota\u00e7\u00e3o foi definido ap\u00f3s consultas a estat\u00edsticos do Instituto de Matem\u00e1tica Pura e Aplicada (Impa), do Insper e da Universidade de S\u00e3o Paulo.<\/p>\n<p>Outra medida anunciada pelo TSE foi reservar o hor\u00e1rio das 7h \u00e0s 10h preferencialmente para pessoas acima de 60 anos, seguindo orienta\u00e7\u00e3o da consultoria sanit\u00e1ria prestada pela Funda\u00e7\u00e3o Oswaldo Cruz (Fiocruz) e pelos hospitais S\u00edrio-Liban\u00eas e Albert Einstein.<\/p>\n<p>A inten\u00e7\u00e3o de ampliar o hor\u00e1rio de vota\u00e7\u00e3o j\u00e1 havia sido antecipada pelo presidente do TSE, Lu\u00eds Roberto Barroso, em entrevistas. \u201cEstamos fazendo todo o poss\u00edvel para conciliar, na maior medida, a sa\u00fade p\u00fablica da popula\u00e7\u00e3o com as demandas da democracia\u201d, disse o ministro nesta sexta-feira (28), em mensagem gravada.<\/p>\n<p>O ministro acrescentou ainda ter abandonado a ideia inicial de estender a vota\u00e7\u00e3o para al\u00e9m das 17h ap\u00f3s consultas aos presidentes dos Tribunais Regionais Eleitorais, \u201cporque em muitas partes do Brasil, ap\u00f3s essa hora, h\u00e1 dificuldades de transporte e problemas de viol\u00eancia\u201d, disse Barroso.<\/p>\n<p>Segundo ele, ser\u00e3o disponibilizados, em parceria com a iniciativa privada, 7,5 milh\u00f5es de m\u00e1scaras e 1,8 milh\u00e3o de prote\u00e7\u00f5es faciais (face shields) aos mes\u00e1rios. Al\u00e9m disso, 1 milh\u00e3o de litros de \u00e1lcool gel devem ser distribu\u00eddos para que os eleitores limpem as m\u00e3os na entrada e na sa\u00edda das se\u00e7\u00f5es eleitorais.<\/p>\n<p>Fonte: Ag\u00eancia Brasil<\/p>\n","protected":false},"excerpt":{"rendered":"<p>Urnas ser\u00e3o abertas mais cedo, segundo tribunal O Tribunal Superior Eleitoral (TSE) divulgou hoje (28) ter oficializado a amplia\u00e7\u00e3o em uma hora do hor\u00e1rio de&#8230;<\/p>\n","protected":false},"author":1182,"featured_media":31313,"comment_status":"closed","ping_status":"closed","sticky":false,"template":"","format":"standard","meta":{"footnotes":""},"categories":[6],"tags":[720,61,1348,3674,516,2755,2776,2915,3723,974],"class_list":["post-31312","post","type-post","status-publish","format-standard","has-post-thumbnail","hentry","category-noticias","tag-atendimento","tag-brasil","tag-eleicao","tag-horario","tag-medida","tag-pandemia","tag-provisoria","tag-tse","tag-urnas","tag-votacao"],"_links":{"self":[{"href":"https:\/\/www.sincomam.org.br\/index.php\/wp-json\/wp\/v2\/posts\/31312","targetHints":{"allow":["GET"]}}],"collection":[{"href":"https:\/\/www.sincomam.org.br\/index.php\/wp-json\/wp\/v2\/posts"}],"about":[{"href":"https:\/\/www.sincomam.org.br\/index.php\/wp-json\/wp\/v2\/types\/post"}],"author":[{"embeddable":true,"href":"https:\/\/www.sincomam.org.br\/index.php\/wp-json\/wp\/v2\/users\/1182"}],"replies":[{"embeddable":true,"href":"https:\/\/www.sincomam.org.br\/index.php\/wp-json\/wp\/v2\/comments?post=31312"}],"version-history":[{"count":1,"href":"https:\/\/www.sincomam.org.br\/index.php\/wp-json\/wp\/v2\/posts\/31312\/revisions"}],"predecessor-version":[{"id":31314,"href":"https:\/\/www.sincomam.org.br\/index.php\/wp-json\/wp\/v2\/posts\/31312\/revisions\/31314"}],"wp:featuredmedia":[{"embeddable":true,"href":"https:\/\/www.sincomam.org.br\/index.php\/wp-json\/wp\/v2\/media\/31313"}],"wp:attachment":[{"href":"https:\/\/www.sincomam.org.br\/index.php\/wp-json\/wp\/v2\/media?parent=31312"}],"wp:term":[{"taxonomy":"category","embeddable":true,"href":"https:\/\/www.sincomam.org.br\/index.php\/wp-json\/wp\/v2\/categories?post=31312"},{"taxonomy":"post_tag","embeddable":true,"href":"https:\/\/www.sincomam.org.br\/index.php\/wp-json\/wp\/v2\/tags?post=31312"}],"curies":[{"name":"wp","href":"https:\/\/api.w.org\/{rel}","templated":true}]}}