{"id":31306,"date":"2020-08-28T10:42:39","date_gmt":"2020-08-28T13:42:39","guid":{"rendered":"http:\/\/www.sincomam.org.br\/?p=31306"},"modified":"2020-08-28T10:52:02","modified_gmt":"2020-08-28T13:52:02","slug":"casos-de-reinfenccao-do-coronavirus-aumenta-no-brasil","status":"publish","type":"post","link":"https:\/\/www.sincomam.org.br\/index.php\/casos-de-reinfenccao-do-coronavirus-aumenta-no-brasil\/","title":{"rendered":"Casos de reinfec\u00e7\u00e3o por coronav\u00edrus aumenta no Brasil"},"content":{"rendered":"<p><em><strong>Hospital das Cl\u00ednicas, USP\u00a0 e Fiocruz investigam os novos casos<\/strong><\/em>; <strong><em>Sete pacientes com suspeita est\u00e3o sendo acompanhados<\/em><\/strong><\/p>\n<p>O Hospital das Cl\u00ednicas de S\u00e3o Paulo (HC) est\u00e1 investigando sete casos de pacientes suspeitos de terem se reinfectado pelo novo coronav\u00edrus. Segundo a institui\u00e7\u00e3o, vinculada \u00e0 Faculdade de Medicina da Universidade de S\u00e3o Paulo (USP), um ambulat\u00f3rio foi separado exclusivamente para acompanhar esses poss\u00edveis casos.<\/p>\n<p>De acordo com o hospital, os sintomas e testes positivos em dois per\u00edodos distintos, apresentados pelos pacientes, podem ser explicados por uma segunda infec\u00e7\u00e3o, mas causada por um v\u00edrus diferente, como o da gripe. No entanto, fragmentos inativos do novo coronav\u00edrus, remanescentes da primeira infec\u00e7\u00e3o, podem ter feito o teste dar positivo. Tamb\u00e9m podem ser explicados pela longa perman\u00eancia do novo coronav\u00edrus no corpo, com per\u00edodo de inatividade e posterior reativa\u00e7\u00e3o, ou mesmo por uma poss\u00edvel reinfec\u00e7\u00e3o de covid-19.<\/p>\n<p><em>\u201cPara verificar essas e outras hip\u00f3teses, os pacientes est\u00e3o sendo acompanhados, com a realiza\u00e7\u00e3o eventual de exames adicionais a fim de melhor entender esses casos\u201d, destacou o hospital, em nota.<\/em><\/p>\n<p><em>Autoridades sanit\u00e1rias investigam o caso de uma mulher de 39 anos, moradora de Volta Redonda (RJ), que se reinfectou com o novo coronav\u00edrus. A suspeita foi informada pela Secretaria de Estado de Sa\u00fade (SES) do Rio. <\/em><em>A Fiocruz, por meio da parceria entre o Centro de Desenvolvimento Tecnol\u00f3gico em Sa\u00fade (CDTS\/Fiocruz), o Instituto Nacional de Infectologia Evandro Chagas (INI\/Fiocruz) e o Instituto Oswaldo Cruz (IOC\/Fiocruz) desenvolve pesquisa sobre o tema em quest\u00e3o.<\/em><\/p>\n<p><strong>Outros pa\u00edses<\/strong><\/p>\n<p>Na \u00faltima ter\u00e7a-feira (25), dois pacientes, um na Holanda e outro na B\u00e9lgica, foram confirmados como casos de reinfec\u00e7\u00e3o pelo novo coronav\u00edrus. Um dia antes, cientistas de Hong Kong publicaram relat\u00f3rio a respeito de uma pessoa que foi reinfectada com uma linhagem diferente do v\u00edrus, quatro meses e meio depois de ser declarada recuperada da doen\u00e7a \u2013 a primeira reinfec\u00e7\u00e3o do tipo registrada.<\/p>\n<p><strong>Painel do Covid-19 no Brasil<\/strong><\/p>\n<p>O Brasil soma 118.649 mortes pelo novo coronav\u00edrus, conforme a \u00faltima atualiza\u00e7\u00e3o do Minist\u00e9rio da Sa\u00fade. Nas \u00faltimas 24 horas, foram registrados 984 novos \u00f3bitos.\u00a0 J\u00e1 os casos confirmados da doen\u00e7a chegaram a 3.761.391. Ainda de acordo com as informa\u00e7\u00f5es do Minist\u00e9rio, 695.492 pessoas est\u00e3o em acompanhamento e outras 2.947.250 j\u00e1 se recuperaram do Covid-19.<\/p>\n<p>Os estados com o maior n\u00famero de mortes foram S\u00e3o Paulo (29.415), Rio de Janeiro (15.859), Cear\u00e1 (8.265), Pernambuco (7.480) e Par\u00e1 (6.102). As Unidades da Federa\u00e7\u00e3o com menos \u00f3bitos at\u00e9 o momento s\u00e3o Roraima (586), Acre (607), Tocantins (635), Amap\u00e1 (652) e Mato Grosso do Sul (800).<\/p>\n<p>Fonte: Ag\u00eancia Brasil<\/p>\n","protected":false},"excerpt":{"rendered":"<p>Hospital das Cl\u00ednicas, USP\u00a0 e Fiocruz investigam os novos casos; Sete pacientes com suspeita est\u00e3o sendo acompanhados O Hospital das Cl\u00ednicas de S\u00e3o Paulo (HC)&#8230;<\/p>\n","protected":false},"author":1182,"featured_media":30092,"comment_status":"closed","ping_status":"closed","sticky":false,"template":"","format":"standard","meta":{"footnotes":""},"categories":[6],"tags":[61,2778,2752,2751,1460,297,3569,1005,1375,3722],"class_list":["post-31306","post","type-post","status-publish","format-standard","has-post-thumbnail","hentry","category-noticias","tag-brasil","tag-casos","tag-coronavirus","tag-covid-19","tag-infectados","tag-investigacao","tag-ministerio-da-saude","tag-mortes","tag-populacao","tag-reinfeccao"],"_links":{"self":[{"href":"https:\/\/www.sincomam.org.br\/index.php\/wp-json\/wp\/v2\/posts\/31306","targetHints":{"allow":["GET"]}}],"collection":[{"href":"https:\/\/www.sincomam.org.br\/index.php\/wp-json\/wp\/v2\/posts"}],"about":[{"href":"https:\/\/www.sincomam.org.br\/index.php\/wp-json\/wp\/v2\/types\/post"}],"author":[{"embeddable":true,"href":"https:\/\/www.sincomam.org.br\/index.php\/wp-json\/wp\/v2\/users\/1182"}],"replies":[{"embeddable":true,"href":"https:\/\/www.sincomam.org.br\/index.php\/wp-json\/wp\/v2\/comments?post=31306"}],"version-history":[{"count":5,"href":"https:\/\/www.sincomam.org.br\/index.php\/wp-json\/wp\/v2\/posts\/31306\/revisions"}],"predecessor-version":[{"id":31311,"href":"https:\/\/www.sincomam.org.br\/index.php\/wp-json\/wp\/v2\/posts\/31306\/revisions\/31311"}],"wp:featuredmedia":[{"embeddable":true,"href":"https:\/\/www.sincomam.org.br\/index.php\/wp-json\/wp\/v2\/media\/30092"}],"wp:attachment":[{"href":"https:\/\/www.sincomam.org.br\/index.php\/wp-json\/wp\/v2\/media?parent=31306"}],"wp:term":[{"taxonomy":"category","embeddable":true,"href":"https:\/\/www.sincomam.org.br\/index.php\/wp-json\/wp\/v2\/categories?post=31306"},{"taxonomy":"post_tag","embeddable":true,"href":"https:\/\/www.sincomam.org.br\/index.php\/wp-json\/wp\/v2\/tags?post=31306"}],"curies":[{"name":"wp","href":"https:\/\/api.w.org\/{rel}","templated":true}]}}