{"id":31303,"date":"2020-08-27T11:23:15","date_gmt":"2020-08-27T14:23:15","guid":{"rendered":"http:\/\/www.sincomam.org.br\/?p=31303"},"modified":"2020-08-27T11:23:15","modified_gmt":"2020-08-27T14:23:15","slug":"conselho-aprova-e-petrobras-vendera-participacao-restante-na-br-distribuidora","status":"publish","type":"post","link":"https:\/\/www.sincomam.org.br\/index.php\/conselho-aprova-e-petrobras-vendera-participacao-restante-na-br-distribuidora\/","title":{"rendered":"Conselho aprova e Petrobras vender\u00e1 participa\u00e7\u00e3o restante na BR Distribuidora"},"content":{"rendered":"<p><strong><em>De acordo com o comunicado da estatal, a transa\u00e7\u00e3o ocorrer\u00e1 por meio de uma oferta p\u00fablica secund\u00e1ria de a\u00e7\u00f5es<\/em><\/strong><\/p>\n<p>O conselho de administra\u00e7\u00e3o da Petrobras aprovou nesta quarta-feira (26) a proposta para venda da participa\u00e7\u00e3o remanescente de 37,5% detida pela estatal na BR Distribuidora, indicou fato relevante publicado pela companhia.<\/p>\n<p>Segundo o comunicado da Petrobras, a transa\u00e7\u00e3o ocorrer\u00e1 por meio de uma oferta p\u00fablica secund\u00e1ria de a\u00e7\u00f5es (follow on), cujo lan\u00e7amento ser\u00e1 definido posteriormente e est\u00e1 sujeito a condi\u00e7\u00f5es de mercado, aprova\u00e7\u00e3o de \u00f3rg\u00e3os internos da petroleira e an\u00e1lise da Comiss\u00e3o de Valores Mobili\u00e1rios (CVM) e outros \u00f3rg\u00e3os reguladores.<\/p>\n<p><em>&#8220;Esta opera\u00e7\u00e3o est\u00e1 alinhada \u00e0 otimiza\u00e7\u00e3o do portf\u00f3lio e \u00e0 melhoria de aloca\u00e7\u00e3o do capital da companhia, visando a gera\u00e7\u00e3o de valor para os seus acionistas&#8221;, disse a estatal na nota. <\/em><\/p>\n<p>A BR Distribuidora foi efetivamente privatizada em julho do ano passado, quando a Petrobras \u2014 at\u00e9 ent\u00e3o controladora da distribuidora de combust\u00edveis \u2014 reduziu sua participa\u00e7\u00e3o na companhia de 71,25% para os atuais 37,5%.<\/p>\n<p>Fonte: UOL<\/p>\n","protected":false},"excerpt":{"rendered":"<p>De acordo com o comunicado da estatal, a transa\u00e7\u00e3o ocorrer\u00e1 por meio de uma oferta p\u00fablica secund\u00e1ria de a\u00e7\u00f5es O conselho de administra\u00e7\u00e3o da Petrobras&#8230;<\/p>\n","protected":false},"author":1182,"featured_media":17800,"comment_status":"closed","ping_status":"closed","sticky":false,"template":"","format":"standard","meta":{"footnotes":""},"categories":[6],"tags":[818,2083,3721,58,71],"class_list":["post-31303","post","type-post","status-publish","format-standard","has-post-thumbnail","hentry","category-noticias","tag-aprovacao","tag-br-distribuidora","tag-conselho","tag-petrobras","tag-venda"],"_links":{"self":[{"href":"https:\/\/www.sincomam.org.br\/index.php\/wp-json\/wp\/v2\/posts\/31303","targetHints":{"allow":["GET"]}}],"collection":[{"href":"https:\/\/www.sincomam.org.br\/index.php\/wp-json\/wp\/v2\/posts"}],"about":[{"href":"https:\/\/www.sincomam.org.br\/index.php\/wp-json\/wp\/v2\/types\/post"}],"author":[{"embeddable":true,"href":"https:\/\/www.sincomam.org.br\/index.php\/wp-json\/wp\/v2\/users\/1182"}],"replies":[{"embeddable":true,"href":"https:\/\/www.sincomam.org.br\/index.php\/wp-json\/wp\/v2\/comments?post=31303"}],"version-history":[{"count":1,"href":"https:\/\/www.sincomam.org.br\/index.php\/wp-json\/wp\/v2\/posts\/31303\/revisions"}],"predecessor-version":[{"id":31304,"href":"https:\/\/www.sincomam.org.br\/index.php\/wp-json\/wp\/v2\/posts\/31303\/revisions\/31304"}],"wp:featuredmedia":[{"embeddable":true,"href":"https:\/\/www.sincomam.org.br\/index.php\/wp-json\/wp\/v2\/media\/17800"}],"wp:attachment":[{"href":"https:\/\/www.sincomam.org.br\/index.php\/wp-json\/wp\/v2\/media?parent=31303"}],"wp:term":[{"taxonomy":"category","embeddable":true,"href":"https:\/\/www.sincomam.org.br\/index.php\/wp-json\/wp\/v2\/categories?post=31303"},{"taxonomy":"post_tag","embeddable":true,"href":"https:\/\/www.sincomam.org.br\/index.php\/wp-json\/wp\/v2\/tags?post=31303"}],"curies":[{"name":"wp","href":"https:\/\/api.w.org\/{rel}","templated":true}]}}