{"id":31261,"date":"2020-08-27T09:28:12","date_gmt":"2020-08-27T12:28:12","guid":{"rendered":"http:\/\/www.sincomam.org.br\/?p=31261"},"modified":"2020-08-27T00:11:17","modified_gmt":"2020-08-27T03:11:17","slug":"a-camara-aprovou-o-afastamento-das-gestantes-do-trabalho-presencial-durante-a-pandemia","status":"publish","type":"post","link":"https:\/\/www.sincomam.org.br\/index.php\/a-camara-aprovou-o-afastamento-das-gestantes-do-trabalho-presencial-durante-a-pandemia\/","title":{"rendered":"A C\u00e2mara aprovou o afastamento das gestantes do trabalho presencial durante a pandemia"},"content":{"rendered":"<p><strong><em>Proposta estabelece que a gestante ficar\u00e1 \u00e0 disposi\u00e7\u00e3o para trabalho remoto<\/em><\/strong><\/p>\n<p>A C\u00e2mara dos Deputados aprovou nesta quarta-feira (26) proposta que torna obrigat\u00f3rio o afastamento da gestante do trabalho presencial durante o estado de calamidade p\u00fablica em raz\u00e3o da pandemia do novo coronav\u00edrus. O texto segue para an\u00e1lise do Senado.<\/p>\n<p>Conforme o Projeto de Lei 3932\/20, da deputada Perp\u00e9tua Almeida (PCdoB-AC) e outras 15 parlamentares, a gestante ficar\u00e1 \u00e0 disposi\u00e7\u00e3o para trabalho remoto. O texto foi aprovado na forma do substitutivo apresentado pela relatora, deputada Mariana Carvalho (PSDB-RO), cuja reda\u00e7\u00e3o esclarece que n\u00e3o haver\u00e1 preju\u00edzo \u00e0 remunera\u00e7\u00e3o da gestante.<\/p>\n<p><em>\u201cAl\u00e9m do acesso das gestantes a servi\u00e7os de sa\u00fade adequados, entendo que, com urg\u00eancia, deve-se diminuir o risco de que sejam infectadas\u201d, disse a relatora. \u201cO isolamento social \u00e9 a forma mais eficaz de evitar a Covid-19, e qualquer infec\u00e7\u00e3o grave pode comprometer a evolu\u00e7\u00e3o da gesta\u00e7\u00e3o\u201d, afirmam as autoras.<\/em><\/p>\n<p>Fonte: Ag\u00eancia C\u00e2mara de Not\u00edcias<\/p>\n","protected":false},"excerpt":{"rendered":"<p>Proposta estabelece que a gestante ficar\u00e1 \u00e0 disposi\u00e7\u00e3o para trabalho remoto A C\u00e2mara dos Deputados aprovou nesta quarta-feira (26) proposta que torna obrigat\u00f3rio o afastamento&#8230;<\/p>\n","protected":false},"author":1182,"featured_media":31262,"comment_status":"closed","ping_status":"closed","sticky":false,"template":"","format":"standard","meta":{"footnotes":""},"categories":[6],"tags":[3475,818,732,2752,2751,3719,3718,2755],"class_list":["post-31261","post","type-post","status-publish","format-standard","has-post-thumbnail","hentry","category-noticias","tag-afastamento","tag-aprovacao","tag-camara","tag-coronavirus","tag-covid-19","tag-geestante","tag-obrigatorio","tag-pandemia"],"_links":{"self":[{"href":"https:\/\/www.sincomam.org.br\/index.php\/wp-json\/wp\/v2\/posts\/31261","targetHints":{"allow":["GET"]}}],"collection":[{"href":"https:\/\/www.sincomam.org.br\/index.php\/wp-json\/wp\/v2\/posts"}],"about":[{"href":"https:\/\/www.sincomam.org.br\/index.php\/wp-json\/wp\/v2\/types\/post"}],"author":[{"embeddable":true,"href":"https:\/\/www.sincomam.org.br\/index.php\/wp-json\/wp\/v2\/users\/1182"}],"replies":[{"embeddable":true,"href":"https:\/\/www.sincomam.org.br\/index.php\/wp-json\/wp\/v2\/comments?post=31261"}],"version-history":[{"count":1,"href":"https:\/\/www.sincomam.org.br\/index.php\/wp-json\/wp\/v2\/posts\/31261\/revisions"}],"predecessor-version":[{"id":31263,"href":"https:\/\/www.sincomam.org.br\/index.php\/wp-json\/wp\/v2\/posts\/31261\/revisions\/31263"}],"wp:featuredmedia":[{"embeddable":true,"href":"https:\/\/www.sincomam.org.br\/index.php\/wp-json\/wp\/v2\/media\/31262"}],"wp:attachment":[{"href":"https:\/\/www.sincomam.org.br\/index.php\/wp-json\/wp\/v2\/media?parent=31261"}],"wp:term":[{"taxonomy":"category","embeddable":true,"href":"https:\/\/www.sincomam.org.br\/index.php\/wp-json\/wp\/v2\/categories?post=31261"},{"taxonomy":"post_tag","embeddable":true,"href":"https:\/\/www.sincomam.org.br\/index.php\/wp-json\/wp\/v2\/tags?post=31261"}],"curies":[{"name":"wp","href":"https:\/\/api.w.org\/{rel}","templated":true}]}}