{"id":31256,"date":"2020-08-27T09:18:56","date_gmt":"2020-08-27T12:18:56","guid":{"rendered":"http:\/\/www.sincomam.org.br\/?p=31256"},"modified":"2020-08-27T00:13:25","modified_gmt":"2020-08-27T03:13:25","slug":"ans-esclarece-suspensao-no-aumento-dos-planos-de-saude","status":"publish","type":"post","link":"https:\/\/www.sincomam.org.br\/index.php\/ans-esclarece-suspensao-no-aumento-dos-planos-de-saude\/","title":{"rendered":"ANS esclarece suspens\u00e3o no aumento dos planos de sa\u00fade"},"content":{"rendered":"<p><strong><em>Ag\u00eancia diz que n\u00e3o haver\u00e1 qualquer cobran\u00e7a este ano<\/em><\/strong><\/p>\n<p>A Ag\u00eancia Nacional de Sa\u00fade Suplementar (ANS) esclareceu, nesta quarta-feira (26), como vai funcionar a suspens\u00e3o dos reajustes de planos de sa\u00fade no per\u00edodo de setembro a dezembro deste ano. Segundo a ag\u00eancia reguladora, para os planos individuais ou familiares, o per\u00edodo de aplica\u00e7\u00e3o do reajuste 2020 \u00e9 de maio de 2020 a abril de 2021. Como ainda n\u00e3o foi divulgado o percentual m\u00e1ximo para esse per\u00edodo, n\u00e3o haver\u00e1 qualquer cobran\u00e7a em 2020.<\/p>\n<p>Para os planos coletivos por ades\u00e3o, as regras s\u00e3o diferentes. Com at\u00e9 29 vidas, o per\u00edodo de aplica\u00e7\u00e3o do reajuste 2020 \u00e9 de maio de 2020 a abril de 2021 e a operadora deve aplicar um \u00fanico percentual para todos os contratos. Para os contratos que j\u00e1 tiverem sido reajustados entre maio e agosto de 2020, a mensalidade acrescida do percentual de reajuste n\u00e3o poder\u00e1 ser cobrada nos meses de setembro a dezembro de 2020. Nesses meses, a mensalidade voltar\u00e1 a ter o valor cobrado pela operadora antes do reajuste 2020. Os contratos que ainda n\u00e3o tiverem sido reajustados n\u00e3o poder\u00e3o ter o percentual aplicado em 2020.<\/p>\n<p>Para planos com 30 vidas ou mais, n\u00e3o existe data-base para aplica\u00e7\u00e3o de reajuste anual e o percentual \u00e9 negociado entre a pessoa jur\u00eddica contratante e a operadora. Para os contratos que j\u00e1 tiverem sido reajustados entre janeiro e agosto de 2020, a mensalidade acrescida do percentual de reajuste n\u00e3o poder\u00e1 ser cobrada nos meses de setembro a dezembro de 2020. Nesses meses, a mensalidade voltar\u00e1 a ter o valor cobrado pela operadora antes do reajuste 2020.<\/p>\n<p><strong>Planos empresariais<\/strong><\/p>\n<p>Outras regras se aplicam a planos coletivos empresariais. Nesses casos, com at\u00e9 29 vidas, o per\u00edodo de aplica\u00e7\u00e3o do reajuste 2020 \u00e9 de maio de 2020 a abril de 2021 e a operadora deve aplicar um \u00fanico percentual para todos os contratos. Para os contratos que j\u00e1 foram reajustados entre maio e agosto de 2020, a mensalidade acrescida do percentual de reajuste n\u00e3o poder\u00e1 ser cobrada nos meses de setembro a dezembro de 2020. Nesses meses, a mensalidade voltar\u00e1 a ter o valor cobrado pela operadora antes do reajuste 2020. Os contratos que ainda n\u00e3o tiverem sido reajustados n\u00e3o poder\u00e3o ter o percentual aplicado em 2020.<\/p>\n<p>Nos planos empresariais com 30 vidas ou mais, n\u00e3o existe data-base para aplica\u00e7\u00e3o de reajuste anual e o percentual \u00e9 negociado entre a pessoa jur\u00eddica contratante e a operadora. Nos casos em que os percentuais j\u00e1 tiverem sido negociados at\u00e9 31 de agosto de 2020, as mensalidades ser\u00e3o mantidas da forma acordada entre as partes e n\u00e3o haver\u00e1 suspens\u00e3o de cobran\u00e7a de mensalidade reajustada nos meses de setembro a dezembro de 2020.<\/p>\n<p>Para os casos em que os percentuais n\u00e3o tiverem sido definidos, o percentual de reajuste n\u00e3o poder\u00e1 ser aplicado nos meses de setembro a dezembro de 2020. No caso dos planos com 30 ou mais vidas, a pessoa jur\u00eddica contratante poder\u00e1 optar por n\u00e3o ter o reajuste suspenso, se for do seu interesse, desde que a operadora fa\u00e7a uma consulta formal junto ao contratante. Caso contr\u00e1rio, o reajuste n\u00e3o poder\u00e1 ser aplicado nos meses de setembro a dezembro de 2020.<\/p>\n<p><em>\u201cA ANS destaca que para os planos coletivos com 30 vidas ou mais com anivers\u00e1rio contratual a partir de setembro de 2020 as negocia\u00e7\u00f5es entre pessoas jur\u00eddicas contratantes e operadoras devem ser mantidas normalmente para a defini\u00e7\u00e3o dos percentuais de reajuste, sendo certo que a cobran\u00e7a das respectivas mensalidades reajustadas apenas ocorrer\u00e1 a partir de janeiro de 2021. \u00c9 importante esclarecer ainda que, a partir de janeiro 2021, as cobran\u00e7as voltar\u00e3o a ser feitas considerando os percentuais de reajuste anual e de mudan\u00e7a de faixa et\u00e1ria para todos os contratados que j\u00e1 tiverem feito anivers\u00e1rio. A ANS informa que a recomposi\u00e7\u00e3o de valores n\u00e3o aplicados em 2020 ser\u00e1 realizada ao longo de 2021\u201d, esclareceu a ag\u00eancia, em nota publicada em sua p\u00e1gina na internet.<\/em><\/p>\n<p>Fonte: Ag\u00eancia Brasil<\/p>\n","protected":false},"excerpt":{"rendered":"<p>Ag\u00eancia diz que n\u00e3o haver\u00e1 qualquer cobran\u00e7a este ano A Ag\u00eancia Nacional de Sa\u00fade Suplementar (ANS) esclareceu, nesta quarta-feira (26), como vai funcionar a suspens\u00e3o&#8230;<\/p>\n","protected":false},"author":1182,"featured_media":30179,"comment_status":"closed","ping_status":"closed","sticky":false,"template":"","format":"standard","meta":{"footnotes":""},"categories":[6],"tags":[515,405,518,519,517],"class_list":["post-31256","post","type-post","status-publish","format-standard","has-post-thumbnail","hentry","category-noticias","tag-ans","tag-aumento","tag-planos","tag-saude","tag-suspensao"],"_links":{"self":[{"href":"https:\/\/www.sincomam.org.br\/index.php\/wp-json\/wp\/v2\/posts\/31256","targetHints":{"allow":["GET"]}}],"collection":[{"href":"https:\/\/www.sincomam.org.br\/index.php\/wp-json\/wp\/v2\/posts"}],"about":[{"href":"https:\/\/www.sincomam.org.br\/index.php\/wp-json\/wp\/v2\/types\/post"}],"author":[{"embeddable":true,"href":"https:\/\/www.sincomam.org.br\/index.php\/wp-json\/wp\/v2\/users\/1182"}],"replies":[{"embeddable":true,"href":"https:\/\/www.sincomam.org.br\/index.php\/wp-json\/wp\/v2\/comments?post=31256"}],"version-history":[{"count":1,"href":"https:\/\/www.sincomam.org.br\/index.php\/wp-json\/wp\/v2\/posts\/31256\/revisions"}],"predecessor-version":[{"id":31257,"href":"https:\/\/www.sincomam.org.br\/index.php\/wp-json\/wp\/v2\/posts\/31256\/revisions\/31257"}],"wp:featuredmedia":[{"embeddable":true,"href":"https:\/\/www.sincomam.org.br\/index.php\/wp-json\/wp\/v2\/media\/30179"}],"wp:attachment":[{"href":"https:\/\/www.sincomam.org.br\/index.php\/wp-json\/wp\/v2\/media?parent=31256"}],"wp:term":[{"taxonomy":"category","embeddable":true,"href":"https:\/\/www.sincomam.org.br\/index.php\/wp-json\/wp\/v2\/categories?post=31256"},{"taxonomy":"post_tag","embeddable":true,"href":"https:\/\/www.sincomam.org.br\/index.php\/wp-json\/wp\/v2\/tags?post=31256"}],"curies":[{"name":"wp","href":"https:\/\/api.w.org\/{rel}","templated":true}]}}