{"id":31254,"date":"2020-08-27T09:10:14","date_gmt":"2020-08-27T12:10:14","guid":{"rendered":"http:\/\/www.sincomam.org.br\/?p=31254"},"modified":"2020-08-27T10:05:56","modified_gmt":"2020-08-27T13:05:56","slug":"estudo-mostra-relacao-entre-o-novo-coronavirus-e-sindrome-em-criancas","status":"publish","type":"post","link":"https:\/\/www.sincomam.org.br\/index.php\/estudo-mostra-relacao-entre-o-novo-coronavirus-e-sindrome-em-criancas\/","title":{"rendered":"Estudo mostra rela\u00e7\u00e3o entre a Covid-19 e s\u00edndrome em crian\u00e7as"},"content":{"rendered":"<p><strong><em>O quadro inflamat\u00f3rio pode atingir v\u00e1rios \u00f3rg\u00e3os; Brasil registra 71 casos<\/em><\/strong><\/p>\n<p>Ap\u00f3s analisar o caso de uma menina de 11 anos de idade que contraiu covid-19 e foi a \u00f3bito, pesquisadores da Universidade de S\u00e3o Paulo (USP) descobriram que o Sars-CoV-2, nome cient\u00edfico do novo coronav\u00edrus, chegou a atingir c\u00e9lulas card\u00edacas.<\/p>\n<p>O resultado do estudo foi publicado no peri\u00f3dico <em>The Lancet Child &amp; Adolescent Health<\/em>, associando, pela primeira vez, a infec\u00e7\u00e3o pelo v\u00edrus ao quadro de s\u00edndrome inflamat\u00f3ria multissist\u00eamica pedi\u00e1trica (SIM-P), que pode acometer v\u00e1rios \u00f3rg\u00e3os, tanto em crian\u00e7as como em adolescentes.<\/p>\n<p>Conforme relatam os cientistas, integrantes do Hospital das Cl\u00ednicas (HC) da Faculdade de Medicina da USP, a crian\u00e7a n\u00e3o tinha doen\u00e7as preexistentes e, mesmo assim, desenvolveu um quadro grave de sa\u00fade. Apenas 28 horas depois de ter sido internada em um leito de Unidade de Terapia Intensiva (UTI), apresentou disfun\u00e7\u00e3o card\u00edaca e choque cardiog\u00eanico, precisando de ventila\u00e7\u00e3o mec\u00e2nica pulmonar e medica\u00e7\u00f5es para estabilizar seu sistema cardiovascular. A situa\u00e7\u00e3o, classifica a m\u00e9dica Juliana Ferranti, que participou do estudo, \u00e9 &#8220;muito rara dentro da pediatria&#8221;.<\/p>\n<p>A equipe m\u00e9dica que atendeu a paciente realizou exames de sangue, radiografia, tomografia de t\u00f3rax, eletrocardiograma e ecocardiograma, que confirmaram a presen\u00e7a de um processo inflamat\u00f3rio e o comprometimento severo do cora\u00e7\u00e3o. Ap\u00f3s o falecimento da crian\u00e7a, foram feitas uma an\u00e1lise microsc\u00f3pica de tecidos de diversos \u00f3rg\u00e3os do corpo e uma pesquisa de RNA viral em pulm\u00f5es e cora\u00e7\u00e3o. Essa segunda bateria de exames confirmou a rela\u00e7\u00e3o entre covid-19 e a SIM-P, revelando que a menina teve de fato um quadro leve de pneumonia, causada pelo v\u00edrus Sars-CoV-2, e a presen\u00e7a de microtrombose pulmonar. Concluiu-se tamb\u00e9m que a causa de morte foi a inflama\u00e7\u00e3o [miocardite] do cora\u00e7\u00e3o, que chegou ao est\u00e1gio de necrose e perda de fibras card\u00edacas.<\/p>\n<p>Segundo a professora Marisa Dolhnikoff, uma das autoras do artigo, o que se observa por outras pesquisas \u00e9 que a maioria das crian\u00e7as com SIM-P consegue se recuperar da doen\u00e7a, se tiverem o devido tratamento. Ela acrescenta, por\u00e9m, que o trabalho alerta para a possibilidade de que sequelas card\u00edacas remanes\u00e7am, ainda que recebam cuidados.<\/p>\n<p>A Organiza\u00e7\u00e3o Mundial da Sa\u00fade (OMS) j\u00e1 vem alertando sobre a possibilidade de haver liga\u00e7\u00e3o entre a covid-19 e a SIM-P, tema que chegou a ser tratado em semin\u00e1rios, por especialistas da Espanha. No in\u00edcio deste m\u00eas, o Minist\u00e9rio da Sa\u00fade emitiu nota em que destaca o aviso da OMS e informa que tem monitorado casos da s\u00edndrome em crian\u00e7as e adolescentes com idade entre 7 meses e 16 anos.<\/p>\n<p>At\u00e9 julho, 71 casos foram registrados em quatro estados, sendo 29 no Cear\u00e1, 22 no Rio de Janeiro, 18 no Par\u00e1 e 2 no Piau\u00ed, al\u00e9m de tr\u00eas \u00f3bitos no Rio de Janeiro.<\/p>\n<p>Fonte: Ag\u00eancia Brasil \/ Jornal da USP<\/p>\n","protected":false},"excerpt":{"rendered":"<p>O quadro inflamat\u00f3rio pode atingir v\u00e1rios \u00f3rg\u00e3os; Brasil registra 71 casos Ap\u00f3s analisar o caso de uma menina de 11 anos de idade que contraiu&#8230;<\/p>\n","protected":false},"author":1182,"featured_media":30564,"comment_status":"closed","ping_status":"closed","sticky":false,"template":"","format":"standard","meta":{"footnotes":""},"categories":[6],"tags":[61,2778,2751,3228,1042,3717,630,746,3447],"class_list":["post-31254","post","type-post","status-publish","format-standard","has-post-thumbnail","hentry","category-noticias","tag-brasil","tag-casos","tag-covid-19","tag-criancas","tag-estudo","tag-gripal","tag-pesquisa","tag-registro","tag-sindrome"],"_links":{"self":[{"href":"https:\/\/www.sincomam.org.br\/index.php\/wp-json\/wp\/v2\/posts\/31254","targetHints":{"allow":["GET"]}}],"collection":[{"href":"https:\/\/www.sincomam.org.br\/index.php\/wp-json\/wp\/v2\/posts"}],"about":[{"href":"https:\/\/www.sincomam.org.br\/index.php\/wp-json\/wp\/v2\/types\/post"}],"author":[{"embeddable":true,"href":"https:\/\/www.sincomam.org.br\/index.php\/wp-json\/wp\/v2\/users\/1182"}],"replies":[{"embeddable":true,"href":"https:\/\/www.sincomam.org.br\/index.php\/wp-json\/wp\/v2\/comments?post=31254"}],"version-history":[{"count":2,"href":"https:\/\/www.sincomam.org.br\/index.php\/wp-json\/wp\/v2\/posts\/31254\/revisions"}],"predecessor-version":[{"id":31268,"href":"https:\/\/www.sincomam.org.br\/index.php\/wp-json\/wp\/v2\/posts\/31254\/revisions\/31268"}],"wp:featuredmedia":[{"embeddable":true,"href":"https:\/\/www.sincomam.org.br\/index.php\/wp-json\/wp\/v2\/media\/30564"}],"wp:attachment":[{"href":"https:\/\/www.sincomam.org.br\/index.php\/wp-json\/wp\/v2\/media?parent=31254"}],"wp:term":[{"taxonomy":"category","embeddable":true,"href":"https:\/\/www.sincomam.org.br\/index.php\/wp-json\/wp\/v2\/categories?post=31254"},{"taxonomy":"post_tag","embeddable":true,"href":"https:\/\/www.sincomam.org.br\/index.php\/wp-json\/wp\/v2\/tags?post=31254"}],"curies":[{"name":"wp","href":"https:\/\/api.w.org\/{rel}","templated":true}]}}