{"id":31250,"date":"2020-08-27T09:00:19","date_gmt":"2020-08-27T12:00:19","guid":{"rendered":"http:\/\/www.sincomam.org.br\/?p=31250"},"modified":"2020-08-27T00:14:03","modified_gmt":"2020-08-27T03:14:03","slug":"covid-19-brasil-tem-117-mil-mortes-e-37-milhoes-de-casos-acumulados","status":"publish","type":"post","link":"https:\/\/www.sincomam.org.br\/index.php\/covid-19-brasil-tem-117-mil-mortes-e-37-milhoes-de-casos-acumulados\/","title":{"rendered":"Covid-19: Brasil tem 117 mil mortes e 3,7 milh\u00f5es de casos acumulados"},"content":{"rendered":"<p><strong><em>Mais de 2,90 milh\u00f5es de brasileiros j\u00e1 se recuperaram da doen\u00e7a<\/em><\/strong><\/p>\n<p>O Brasil atingiu 117.666 mortes e 3.717.156 casos acumulados de covid-19. Os dados foram divulgados na noite desta quarta-feira (26) pelo Minist\u00e9rio da Sa\u00fade durante entrevista online de apresenta\u00e7\u00e3o do Boletim Epidemiol\u00f3gico semanal.<\/p>\n<p>Nas \u00faltimas 24 horas, foram registrados 1.086 novos \u00f3bitos. Ainda h\u00e1 2.889 falecimentos em investiga\u00e7\u00e3o pelas equipes das secretarias de sa\u00fade. O balan\u00e7o do minist\u00e9rio tamb\u00e9m recebeu notifica\u00e7\u00f5es de 47.161 novas pessoas infectadas pelo novo coronav\u00edrus.<\/p>\n<p>Ainda de acordo com a atualiza\u00e7\u00e3o, 690.642 pessoas est\u00e3o em acompanhamento e outras 2.908.848 j\u00e1 se recuperaram da doen\u00e7a.<\/p>\n<p><strong>Covid-19 nos estados<\/strong><\/p>\n<p style=\"text-align: left;\">Os estados com mais mortes por covid-19 foram: S\u00e3o Paulo (29.194), Rio de Janeiro (15.700), Cear\u00e1 (8.351), Pernambuco (7.460) e Par\u00e1 (6.097). As Unidades da Federa\u00e7\u00e3o com menos \u00f3bitos at\u00e9 o momento s\u00e3o Roraima (582), Acre (607), Tocantins (621), Amap\u00e1 (647) e Mato Grosso do Sul (783).<\/p>\n<p>Fonte: Ag\u00eancia Brasil<a href=\"https:\/\/www.sincomam.org.br\/wp-content\/uploads\/2020\/08\/boletim-26-08.jpeg\" target=\"_blank\" rel=\"noopener noreferrer\"><br \/>\n<img fetchpriority=\"high\" decoding=\"async\" class=\"alignleft wp-image-31251 size-full\" src=\"https:\/\/www.sincomam.org.br\/wp-content\/uploads\/2020\/08\/boletim-26-08.jpeg\" alt=\"\" width=\"754\" height=\"424\" srcset=\"https:\/\/www.sincomam.org.br\/wp-content\/uploads\/2020\/08\/boletim-26-08.jpeg 754w, https:\/\/www.sincomam.org.br\/wp-content\/uploads\/2020\/08\/boletim-26-08-300x169.jpeg 300w\" sizes=\"(max-width: 754px) 100vw, 754px\" \/><\/a><\/p>\n","protected":false},"excerpt":{"rendered":"<p>Mais de 2,90 milh\u00f5es de brasileiros j\u00e1 se recuperaram da doen\u00e7a O Brasil atingiu 117.666 mortes e 3.717.156 casos acumulados de covid-19. Os dados foram&#8230;<\/p>\n","protected":false},"author":1182,"featured_media":28361,"comment_status":"closed","ping_status":"closed","sticky":false,"template":"","format":"standard","meta":{"footnotes":""},"categories":[6],"tags":[61,2752,2751,1460,1005,1375],"class_list":["post-31250","post","type-post","status-publish","format-standard","has-post-thumbnail","hentry","category-noticias","tag-brasil","tag-coronavirus","tag-covid-19","tag-infectados","tag-mortes","tag-populacao"],"_links":{"self":[{"href":"https:\/\/www.sincomam.org.br\/index.php\/wp-json\/wp\/v2\/posts\/31250","targetHints":{"allow":["GET"]}}],"collection":[{"href":"https:\/\/www.sincomam.org.br\/index.php\/wp-json\/wp\/v2\/posts"}],"about":[{"href":"https:\/\/www.sincomam.org.br\/index.php\/wp-json\/wp\/v2\/types\/post"}],"author":[{"embeddable":true,"href":"https:\/\/www.sincomam.org.br\/index.php\/wp-json\/wp\/v2\/users\/1182"}],"replies":[{"embeddable":true,"href":"https:\/\/www.sincomam.org.br\/index.php\/wp-json\/wp\/v2\/comments?post=31250"}],"version-history":[{"count":1,"href":"https:\/\/www.sincomam.org.br\/index.php\/wp-json\/wp\/v2\/posts\/31250\/revisions"}],"predecessor-version":[{"id":31252,"href":"https:\/\/www.sincomam.org.br\/index.php\/wp-json\/wp\/v2\/posts\/31250\/revisions\/31252"}],"wp:featuredmedia":[{"embeddable":true,"href":"https:\/\/www.sincomam.org.br\/index.php\/wp-json\/wp\/v2\/media\/28361"}],"wp:attachment":[{"href":"https:\/\/www.sincomam.org.br\/index.php\/wp-json\/wp\/v2\/media?parent=31250"}],"wp:term":[{"taxonomy":"category","embeddable":true,"href":"https:\/\/www.sincomam.org.br\/index.php\/wp-json\/wp\/v2\/categories?post=31250"},{"taxonomy":"post_tag","embeddable":true,"href":"https:\/\/www.sincomam.org.br\/index.php\/wp-json\/wp\/v2\/tags?post=31250"}],"curies":[{"name":"wp","href":"https:\/\/api.w.org\/{rel}","templated":true}]}}