{"id":31246,"date":"2020-08-26T09:55:50","date_gmt":"2020-08-26T12:55:50","guid":{"rendered":"http:\/\/www.sincomam.org.br\/?p=31246"},"modified":"2020-08-26T09:55:50","modified_gmt":"2020-08-26T12:55:50","slug":"bolsonaro-prorroga-por-dois-meses-auxilio-emergencial-e-periodo-de-reducao-suspensao-da-jornada-e-salario","status":"publish","type":"post","link":"https:\/\/www.sincomam.org.br\/index.php\/bolsonaro-prorroga-por-dois-meses-auxilio-emergencial-e-periodo-de-reducao-suspensao-da-jornada-e-salario\/","title":{"rendered":"Bolsonaro prorroga por dois meses aux\u00edlio emergencial e per\u00edodo de redu\u00e7\u00e3o, suspens\u00e3o da jornada e sal\u00e1rio"},"content":{"rendered":"<p><strong><em>Logo ap\u00f3s o presidente Jair Bolsonaro anunciar pelo Twitter a extens\u00e3o do aux\u00edlio emergencial por mais dois meses, foi publicada uma edi\u00e7\u00e3o extra do Di\u00e1rio Oficial da Uni\u00e3o (DOU) com o texto<\/em><\/strong><\/p>\n<p>Foi publicado nesta segunda-feira (24), o Decreto que prorroga os prazos para o pagamento do Benef\u00edcio Emergencial de Preserva\u00e7\u00e3o do Emprego e da Renda (BEm) e para a celebra\u00e7\u00e3o de acordos de redu\u00e7\u00e3o proporcional de jornada e de sal\u00e1rio e de suspens\u00e3o tempor\u00e1ria do contrato de trabalho. Logo ap\u00f3s o presidente Jair Bolsonaro anunciar pelo Twitter a extens\u00e3o do aux\u00edlio emergencial por mais dois meses, foi publicada uma edi\u00e7\u00e3o extra do Di\u00e1rio Oficial da Uni\u00e3o (DOU) com o texto.<\/p>\n<p>&#8220;Acabei de assinar um decreto prorrogando por dois meses um grande acordo onde o governo entra com parte do recurso de modo que venhamos a preservar 10 milh\u00f5es de empregos no Brasil&#8221;, anunciou Bolsonaro em grava\u00e7\u00e3o feita ao lado do ministro da Economia, Paulo Guedes, e do secret\u00e1rio especial de Previd\u00eancia e Trabalho, Bruno Bianco. &#8220;A sa\u00fade n\u00e3o pode ficar dissociada do emprego&#8221;, afirmou o presidente.<\/p>\n<p>Segundo o decreto, o valor do aux\u00edlio emergencial permanecer\u00e1 o mesmo durante o per\u00edodo de prorroga\u00e7\u00e3o: R$ 600. Na \u00faltima semana, Bolsonaro havia indicado a possibilidade de reduzir a parcela para R$ 250 por conta do peso aos cofres p\u00fablicos, segundo o jornal O Globo apurou com fontes do governo federal.<\/p>\n<p>O programa foi anunciado em abril como medida para evitar um aumento ainda maior do desemprego diante da pandemia do novo coronav\u00edrus, que provocou restri\u00e7\u00f5es no funcionamento ou mesmo o fechamento de parte do com\u00e9rcio e da ind\u00fastria.<\/p>\n<p>A medida provis\u00f3ria inicial, que foi sancionada no in\u00edcio de julho e transformada em lei, previa a suspens\u00e3o dos contratos de trabalho por at\u00e9 dois meses e a redu\u00e7\u00e3o da jornada e de sal\u00e1rios em at\u00e9 70% por at\u00e9 tr\u00eas meses.<\/p>\n<p>No dia 14 de julho, o governo publicou a primeira prorroga\u00e7\u00e3o do programa, elevando para at\u00e9 4 meses o per\u00edodo em que as empresas poderiam reduzir jornada e sal\u00e1rio dos funcion\u00e1rios, e tamb\u00e9m fazer a suspens\u00e3o dos contratos.<\/p>\n<p>O decreto com a segunda prorroga\u00e7\u00e3o, publicado nesta segunda em edi\u00e7\u00e3o extra do DOU, permite que as empresas suspendam contratos ou reduzam jornada de trabalho e sal\u00e1rios por um per\u00edodo de at\u00e9 seis meses.<\/p>\n<p>Durante a vig\u00eancia dos acordos, a Uni\u00e3o entra com uma contrapartida para ajudar a complementar a renda dos trabalhadores at\u00e9 o limite do seguro-desemprego (R$ 1.813). O gasto estimado com o pagamento dos benef\u00edcios \u00e9 de R$ 51,6 bilh\u00f5es. At\u00e9 agora, no entanto, foram desembolsados R$ 20,7 bilh\u00f5es, o que permite ampliar o per\u00edodo em que as medidas podem ser tomadas com compensa\u00e7\u00e3o pelo governo federal.<\/p>\n<p>At\u00e9 agora, o programa registra 16 milh\u00f5es de acordos celebrados para suspens\u00e3o de contratos ou a redu\u00e7\u00e3o de sal\u00e1rios e jornada de trabalho, com impacto para 9,6 milh\u00f5es de trabalhadores.<\/p>\n<p><em>&#8220;Diante do cen\u00e1rio incertezas causadas pela doen\u00e7a, sobretudo pela perman\u00eancia de medidas restritivas de isolamento social verificadas em v\u00e1rios munic\u00edpios, faz-se necess\u00e1ria a prorroga\u00e7\u00e3o do prazo m\u00e1ximo de vig\u00eancia dos acordos, para permitir que as empresas que est\u00e3o em situa\u00e7\u00e3o de vulnerabilidade possam continuar sobrevivendo a este per\u00edodo de calamidade e, desta forma, preservar postos de trabalho e projetar uma melhor recupera\u00e7\u00e3o econ\u00f4mica ao fim das medidas restritivas&#8221;, afirma a Secretaria Geral da Presid\u00eancia da Rep\u00fablica, por meio de nota.<\/em><\/p>\n<p>Fonte: O Povo<\/p>\n","protected":false},"excerpt":{"rendered":"<p>Logo ap\u00f3s o presidente Jair Bolsonaro anunciar pelo Twitter a extens\u00e3o do aux\u00edlio emergencial por mais dois meses, foi publicada uma edi\u00e7\u00e3o extra do Di\u00e1rio&#8230;<\/p>\n","protected":false},"author":1182,"featured_media":29823,"comment_status":"closed","ping_status":"closed","sticky":false,"template":"","format":"standard","meta":{"footnotes":""},"categories":[1],"tags":[1757,1597,3716,432,2866,1035,767,403,517,554],"class_list":["post-31246","post","type-post","status-publish","format-standard","has-post-thumbnail","hentry","category-sem-categoria","tag-auxilio","tag-decreto","tag-dou","tag-emergencial","tag-jornada","tag-publicacao","tag-reducao","tag-salario","tag-suspensao","tag-trabalho"],"_links":{"self":[{"href":"https:\/\/www.sincomam.org.br\/index.php\/wp-json\/wp\/v2\/posts\/31246","targetHints":{"allow":["GET"]}}],"collection":[{"href":"https:\/\/www.sincomam.org.br\/index.php\/wp-json\/wp\/v2\/posts"}],"about":[{"href":"https:\/\/www.sincomam.org.br\/index.php\/wp-json\/wp\/v2\/types\/post"}],"author":[{"embeddable":true,"href":"https:\/\/www.sincomam.org.br\/index.php\/wp-json\/wp\/v2\/users\/1182"}],"replies":[{"embeddable":true,"href":"https:\/\/www.sincomam.org.br\/index.php\/wp-json\/wp\/v2\/comments?post=31246"}],"version-history":[{"count":1,"href":"https:\/\/www.sincomam.org.br\/index.php\/wp-json\/wp\/v2\/posts\/31246\/revisions"}],"predecessor-version":[{"id":31247,"href":"https:\/\/www.sincomam.org.br\/index.php\/wp-json\/wp\/v2\/posts\/31246\/revisions\/31247"}],"wp:featuredmedia":[{"embeddable":true,"href":"https:\/\/www.sincomam.org.br\/index.php\/wp-json\/wp\/v2\/media\/29823"}],"wp:attachment":[{"href":"https:\/\/www.sincomam.org.br\/index.php\/wp-json\/wp\/v2\/media?parent=31246"}],"wp:term":[{"taxonomy":"category","embeddable":true,"href":"https:\/\/www.sincomam.org.br\/index.php\/wp-json\/wp\/v2\/categories?post=31246"},{"taxonomy":"post_tag","embeddable":true,"href":"https:\/\/www.sincomam.org.br\/index.php\/wp-json\/wp\/v2\/tags?post=31246"}],"curies":[{"name":"wp","href":"https:\/\/api.w.org\/{rel}","templated":true}]}}