{"id":31231,"date":"2020-08-26T08:16:39","date_gmt":"2020-08-26T11:16:39","guid":{"rendered":"http:\/\/www.sincomam.org.br\/?p=31231"},"modified":"2020-08-26T08:36:15","modified_gmt":"2020-08-26T11:36:15","slug":"portos-publicos-apresentam-crescimento-de-66-no-primeiro-semestre-2","status":"publish","type":"post","link":"https:\/\/www.sincomam.org.br\/index.php\/portos-publicos-apresentam-crescimento-de-66-no-primeiro-semestre-2\/","title":{"rendered":"Portos p\u00fablicos apresentam crescimento de 6,6% no primeiro semestre de 2020"},"content":{"rendered":"<p><em><strong>Foram analisados dados de oito autoridades portu\u00e1rias, 80% dos contratos de arrendamento nos portos brasileiros<\/strong><\/em><\/p>\n<p>Segundo levantamento realizado pelo Minist\u00e9rio da Infraestrutura, a movimenta\u00e7\u00e3o de cargas dos portos p\u00fablicos brasileiros cresceu 6,6% no primeiro semestre de 2020, em rela\u00e7\u00e3o ao mesmo per\u00edodo de 2019. Durante o per\u00edodo, foram transportadas 168,8 milh\u00f5es de toneladas ante \u00e0 movimenta\u00e7\u00e3o de 158,4 milh\u00f5es de toneladas, em 2019.<\/p>\n<p>Dentre os maiores incrementos de movimenta\u00e7\u00e3o nesse per\u00edodo, destacam-se o aumento de 28,5% na movimenta\u00e7\u00e3o de granel s\u00f3lido nos portos administrados pela Companhia Docas do Par\u00e1; de 22,1% na movimenta\u00e7\u00e3o de granel l\u00edquido no Porto de Suape (PE); e de 9,4% de carga geral no Porto de Paranagu\u00e1 (PR).<\/p>\n<p><em>\u201cOs n\u00fameros comprovam que, mesmo com a pandemia, o setor portu\u00e1rio continua funcionando bem e cumprindo o papel de escoar seus produtos para outros pa\u00edses, colaborando, assim, com a balan\u00e7a comercial brasileira. \u00c9 importante observar que o cen\u00e1rio geral ainda \u00e9 de crescimento e resili\u00eancia\u201d, ressaltou o ministro da Infraestrutura, Tarc\u00edsio Gomes de Freitas. <\/em><\/p>\n<p><strong>Garantia para os portu\u00e1rios<\/strong><\/p>\n<p>Entre as medidas adotadas para garantir o funcionamento dos portos de forma segura durante a crise do coronav\u00edrus, est\u00e1 a MP 945. A medida provis\u00f3ria altera a forma de escala\u00e7\u00e3o dos trabalhadores avulsos de forma presencial para meios eletr\u00f4nicos, al\u00e9m de garantir que os \u00f3rg\u00e3os gestores de m\u00e3o de obra (OGMOs) n\u00e3o poder\u00e3o escalar trabalhadores com sintomas de Covid-19. Tais profissionais passaram a ter garantia de indeniza\u00e7\u00e3o compensat\u00f3ria de 50% da m\u00e9dia mensal recebida entre 1\u00ba de outubro de 2019 e 31 de mar\u00e7o de 2020.<\/p>\n<p><strong>Setor portu\u00e1rio<\/strong><\/p>\n<p>De acordo com a Ag\u00eancia Nacional de Transportes Aquavi\u00e1rios (Antaq), at\u00e9 maio de 2020, o setor portu\u00e1rio, em geral, movimentou 436 milh\u00f5es de toneladas, alta de 3,98% em rela\u00e7\u00e3o ao mesmo per\u00edodo do ano anterior. Os dados incluem portos p\u00fablicos e terminais de uso privado (TUPs). A movimenta\u00e7\u00e3o de graneis l\u00edquidos e gasosos impactou os n\u00fameros, registrando alta de 16,5% no per\u00edodo.<\/p>\n<p>*Com informa\u00e7\u00f5es do Minist\u00e9rio da Infraestrutura\/Foto: Claudio Neves\/ Portos do Paran\u00e1<\/p>\n","protected":false},"excerpt":{"rendered":"<p>Foram analisados dados de oito autoridades portu\u00e1rias, 80% dos contratos de arrendamento nos portos brasileiros Segundo levantamento realizado pelo Minist\u00e9rio da Infraestrutura, a movimenta\u00e7\u00e3o de&#8230;<\/p>\n","protected":false},"author":1182,"featured_media":31232,"comment_status":"closed","ping_status":"closed","sticky":false,"template":"","format":"standard","meta":{"footnotes":""},"categories":[1],"tags":[170,69,1481],"class_list":["post-31231","post","type-post","status-publish","format-standard","has-post-thumbnail","hentry","category-sem-categoria","tag-crescimento","tag-portos","tag-publicos"],"_links":{"self":[{"href":"https:\/\/www.sincomam.org.br\/index.php\/wp-json\/wp\/v2\/posts\/31231","targetHints":{"allow":["GET"]}}],"collection":[{"href":"https:\/\/www.sincomam.org.br\/index.php\/wp-json\/wp\/v2\/posts"}],"about":[{"href":"https:\/\/www.sincomam.org.br\/index.php\/wp-json\/wp\/v2\/types\/post"}],"author":[{"embeddable":true,"href":"https:\/\/www.sincomam.org.br\/index.php\/wp-json\/wp\/v2\/users\/1182"}],"replies":[{"embeddable":true,"href":"https:\/\/www.sincomam.org.br\/index.php\/wp-json\/wp\/v2\/comments?post=31231"}],"version-history":[{"count":3,"href":"https:\/\/www.sincomam.org.br\/index.php\/wp-json\/wp\/v2\/posts\/31231\/revisions"}],"predecessor-version":[{"id":31235,"href":"https:\/\/www.sincomam.org.br\/index.php\/wp-json\/wp\/v2\/posts\/31231\/revisions\/31235"}],"wp:featuredmedia":[{"embeddable":true,"href":"https:\/\/www.sincomam.org.br\/index.php\/wp-json\/wp\/v2\/media\/31232"}],"wp:attachment":[{"href":"https:\/\/www.sincomam.org.br\/index.php\/wp-json\/wp\/v2\/media?parent=31231"}],"wp:term":[{"taxonomy":"category","embeddable":true,"href":"https:\/\/www.sincomam.org.br\/index.php\/wp-json\/wp\/v2\/categories?post=31231"},{"taxonomy":"post_tag","embeddable":true,"href":"https:\/\/www.sincomam.org.br\/index.php\/wp-json\/wp\/v2\/tags?post=31231"}],"curies":[{"name":"wp","href":"https:\/\/api.w.org\/{rel}","templated":true}]}}