{"id":31229,"date":"2020-08-26T08:07:17","date_gmt":"2020-08-26T11:07:17","guid":{"rendered":"http:\/\/www.sincomam.org.br\/?p=31229"},"modified":"2020-08-26T08:07:17","modified_gmt":"2020-08-26T11:07:17","slug":"governo-federal-sanciona-a-lei-dos-portos-e-amplia-capacidade-operacional-do-setor","status":"publish","type":"post","link":"https:\/\/www.sincomam.org.br\/index.php\/governo-federal-sanciona-a-lei-dos-portos-e-amplia-capacidade-operacional-do-setor\/","title":{"rendered":"Governo Federal sanciona a Lei dos Portos e amplia capacidade operacional do setor"},"content":{"rendered":"<p><strong><em>Novos dispositivos facilitam opera\u00e7\u00f5es e flexibilizam contratos<\/em><\/strong><\/p>\n<p>Considerada uma \u201cminirreforma\u201d pelo Minist\u00e9rio da Infraestrutura, a Medida Provis\u00f3ria 955\/2020 foi sancionada nesta ter\u00e7a-feira (25) pelo governo federal. O dispositivo altera a Lei dos Portos e torna a atividade portu\u00e1ria mais aberta para a realiza\u00e7\u00e3o de neg\u00f3cios. A lei tamb\u00e9m cria regras para o funcionamento dos portos durante a pandemia, al\u00e9m de definir normas de afastamento e de indeniza\u00e7\u00e3o de trabalhadores em grupos de risco.<\/p>\n<p>Segundo nota divulgada pela pasta, a flexibiliza\u00e7\u00e3o de contratos de arrendamento \u00e9 uma das principais mudan\u00e7as trazidas pela lei. N\u00e3o h\u00e1 mais necessidade de licita\u00e7\u00e3o quando apenas um interessado em arrendamento portu\u00e1rio for inscrito no processo, e a contrata\u00e7\u00e3o ser\u00e1 feita por chamamento p\u00fablico.<\/p>\n<p>De acordo com o minist\u00e9rio, a Ag\u00eancia Nacional de Transportes Aquavi\u00e1rios (Antaq) passa a ter compet\u00eancia para regulamentar outras formas de explora\u00e7\u00e3o de \u00e1reas e instala\u00e7\u00f5es portu\u00e1rias n\u00e3o previstas na legisla\u00e7\u00e3o. Atualmente, a ag\u00eancia disp\u00f5e apenas do contrato de arrendamento para a ocupa\u00e7\u00e3o de instala\u00e7\u00f5es portu\u00e1rias.<\/p>\n<p>Em rela\u00e7\u00e3o a trabalhadores portu\u00e1rios avulsos (TPAs), al\u00e9m das regras para afastamento em decorr\u00eancia de covid-19, a lei define escala\u00e7\u00e3o por meio eletr\u00f4nico para descarga nos portos. Isso significa que o trabalhador ser\u00e1 notificado via aplicativo de celular sobre sua demanda, ao contr\u00e1rio do processo atual, que \u00e9 presencial.<\/p>\n<p>Em caso de greve ou indisponibilidade de TPAs, a nova lei define que o operador portu\u00e1rio poder\u00e1 contratar livremente trabalhadores com v\u00ednculo empregat\u00edcio por at\u00e9 12 meses para a realiza\u00e7\u00e3o de determinados servi\u00e7os, como capatazia e confer\u00eancia de carga.<\/p>\n<p>Fonte: Ag\u00eancia Brasil<\/p>\n","protected":false},"excerpt":{"rendered":"<p>Novos dispositivos facilitam opera\u00e7\u00f5es e flexibilizam contratos Considerada uma \u201cminirreforma\u201d pelo Minist\u00e9rio da Infraestrutura, a Medida Provis\u00f3ria 955\/2020 foi sancionada nesta ter\u00e7a-feira (25) pelo governo&#8230;<\/p>\n","protected":false},"author":1182,"featured_media":286,"comment_status":"closed","ping_status":"closed","sticky":false,"template":"","format":"standard","meta":{"footnotes":""},"categories":[1],"tags":[83,1393,1422,188],"class_list":["post-31229","post","type-post","status-publish","format-standard","has-post-thumbnail","hentry","category-sem-categoria","tag-ampliacao","tag-capacidade","tag-lei-dos-portos","tag-reforma"],"_links":{"self":[{"href":"https:\/\/www.sincomam.org.br\/index.php\/wp-json\/wp\/v2\/posts\/31229","targetHints":{"allow":["GET"]}}],"collection":[{"href":"https:\/\/www.sincomam.org.br\/index.php\/wp-json\/wp\/v2\/posts"}],"about":[{"href":"https:\/\/www.sincomam.org.br\/index.php\/wp-json\/wp\/v2\/types\/post"}],"author":[{"embeddable":true,"href":"https:\/\/www.sincomam.org.br\/index.php\/wp-json\/wp\/v2\/users\/1182"}],"replies":[{"embeddable":true,"href":"https:\/\/www.sincomam.org.br\/index.php\/wp-json\/wp\/v2\/comments?post=31229"}],"version-history":[{"count":1,"href":"https:\/\/www.sincomam.org.br\/index.php\/wp-json\/wp\/v2\/posts\/31229\/revisions"}],"predecessor-version":[{"id":31230,"href":"https:\/\/www.sincomam.org.br\/index.php\/wp-json\/wp\/v2\/posts\/31229\/revisions\/31230"}],"wp:featuredmedia":[{"embeddable":true,"href":"https:\/\/www.sincomam.org.br\/index.php\/wp-json\/wp\/v2\/media\/286"}],"wp:attachment":[{"href":"https:\/\/www.sincomam.org.br\/index.php\/wp-json\/wp\/v2\/media?parent=31229"}],"wp:term":[{"taxonomy":"category","embeddable":true,"href":"https:\/\/www.sincomam.org.br\/index.php\/wp-json\/wp\/v2\/categories?post=31229"},{"taxonomy":"post_tag","embeddable":true,"href":"https:\/\/www.sincomam.org.br\/index.php\/wp-json\/wp\/v2\/tags?post=31229"}],"curies":[{"name":"wp","href":"https:\/\/api.w.org\/{rel}","templated":true}]}}