{"id":31227,"date":"2020-08-25T12:08:57","date_gmt":"2020-08-25T15:08:57","guid":{"rendered":"http:\/\/www.sincomam.org.br\/?p=31227"},"modified":"2020-08-25T12:08:57","modified_gmt":"2020-08-25T15:08:57","slug":"producao-no-pre-sal-ultrapassou-70-pela-primeira-vez-diz-anp","status":"publish","type":"post","link":"https:\/\/www.sincomam.org.br\/index.php\/producao-no-pre-sal-ultrapassou-70-pela-primeira-vez-diz-anp\/","title":{"rendered":"Produ\u00e7\u00e3o no Pr\u00e9-sal ultrapassou 70% pela primeira vez, diz ANP"},"content":{"rendered":"<p>A Ag\u00eancia Nacional do Petr\u00f3leo, G\u00e1s Natural e Biocombust\u00edveis (ANP) divulgou que em julho, pela primeira vez, a produ\u00e7\u00e3o de petr\u00f3leo e g\u00e1s do Pr\u00e9-sal superou a marca de 70% da produ\u00e7\u00e3o nacional, com aproximadamente 2,738 milh\u00f5es de barris de \u00f3leo equivalente por dia (MMboe\/d).<\/p>\n<p>Segundo a ag\u00eancia, o montante corresponde a 70,26% do total registrado no pa\u00eds, que foi de 3,898 milh\u00f5es de boe\/d. \u00a0As informa\u00e7\u00f5es est\u00e3o dispon\u00edveis no Painel Din\u00e2mico da Produ\u00e7\u00e3o de Petr\u00f3leo e G\u00e1s Natural da ANP.<\/p>\n<p><strong>Produ\u00e7\u00e3o<\/strong><\/p>\n<p>A ag\u00eancia refor\u00e7ou que a produ\u00e7\u00e3o j\u00e1 vinha se aproximando dos 70% nos meses anteriores. \u201cEm junho, foi de 2,671 MMboe\/d, o equivalente a 69,9% do total nacional e, em maio, 2,363 MMboe\/d, o equivalente a 67,82% do total nacional.\u201d<\/p>\n<p>O campo de Lula, tamb\u00e9m localizado no Pr\u00e9-sal, permaneceu como o maior produtor de petr\u00f3leo e g\u00e1s natural, com produ\u00e7\u00e3o m\u00e9dia di\u00e1ria de 987.510 barris de petr\u00f3leo e 43,150 milh\u00f5es de m3 de g\u00e1s natural.<\/p>\n<p>A plataforma P-76, no campo de B\u00fazios, teve a maior produ\u00e7\u00e3o de petr\u00f3leo por instala\u00e7\u00e3o em julho, com m\u00e9dia di\u00e1ria de 168.649,40 barris. Com apenas 4 po\u00e7os produtores, a produ\u00e7\u00e3o da P-76 foi superior \u00e0 soma do que foi produzido por todos os 6.326 po\u00e7os terrestres.<\/p>\n","protected":false},"excerpt":{"rendered":"<p>A Ag\u00eancia Nacional do Petr\u00f3leo, G\u00e1s Natural e Biocombust\u00edveis (ANP) divulgou que em julho, pela primeira vez, a produ\u00e7\u00e3o de petr\u00f3leo e g\u00e1s do Pr\u00e9-sal&#8230;<\/p>\n","protected":false},"author":1182,"featured_media":7802,"comment_status":"closed","ping_status":"closed","sticky":false,"template":"","format":"standard","meta":{"footnotes":""},"categories":[1],"tags":[56,2873,61,3709,1830,77,76,62],"class_list":["post-31227","post","type-post","status-publish","format-standard","has-post-thumbnail","hentry","category-sem-categoria","tag-anp","tag-barril","tag-brasil","tag-campo-de-buzios","tag-campo-de-lula","tag-pre-sal","tag-producao","tag-recorde"],"_links":{"self":[{"href":"https:\/\/www.sincomam.org.br\/index.php\/wp-json\/wp\/v2\/posts\/31227","targetHints":{"allow":["GET"]}}],"collection":[{"href":"https:\/\/www.sincomam.org.br\/index.php\/wp-json\/wp\/v2\/posts"}],"about":[{"href":"https:\/\/www.sincomam.org.br\/index.php\/wp-json\/wp\/v2\/types\/post"}],"author":[{"embeddable":true,"href":"https:\/\/www.sincomam.org.br\/index.php\/wp-json\/wp\/v2\/users\/1182"}],"replies":[{"embeddable":true,"href":"https:\/\/www.sincomam.org.br\/index.php\/wp-json\/wp\/v2\/comments?post=31227"}],"version-history":[{"count":1,"href":"https:\/\/www.sincomam.org.br\/index.php\/wp-json\/wp\/v2\/posts\/31227\/revisions"}],"predecessor-version":[{"id":31228,"href":"https:\/\/www.sincomam.org.br\/index.php\/wp-json\/wp\/v2\/posts\/31227\/revisions\/31228"}],"wp:featuredmedia":[{"embeddable":true,"href":"https:\/\/www.sincomam.org.br\/index.php\/wp-json\/wp\/v2\/media\/7802"}],"wp:attachment":[{"href":"https:\/\/www.sincomam.org.br\/index.php\/wp-json\/wp\/v2\/media?parent=31227"}],"wp:term":[{"taxonomy":"category","embeddable":true,"href":"https:\/\/www.sincomam.org.br\/index.php\/wp-json\/wp\/v2\/categories?post=31227"},{"taxonomy":"post_tag","embeddable":true,"href":"https:\/\/www.sincomam.org.br\/index.php\/wp-json\/wp\/v2\/tags?post=31227"}],"curies":[{"name":"wp","href":"https:\/\/api.w.org\/{rel}","templated":true}]}}