{"id":31223,"date":"2020-08-25T11:36:59","date_gmt":"2020-08-25T14:36:59","guid":{"rendered":"http:\/\/www.sincomam.org.br\/?p=31223"},"modified":"2020-08-25T11:36:59","modified_gmt":"2020-08-25T14:36:59","slug":"ans-anuncia-suspensao-dos-reajustes-de-planos-de-saude-por-120-dias","status":"publish","type":"post","link":"https:\/\/www.sincomam.org.br\/index.php\/ans-anuncia-suspensao-dos-reajustes-de-planos-de-saude-por-120-dias\/","title":{"rendered":"ANS anuncia suspens\u00e3o dos reajustes de planos de sa\u00fade por 120 dias"},"content":{"rendered":"<p><strong><em>Prazo ter\u00e1 in\u00edcio em setembro e ser\u00e1 v\u00e1lido para reajustes anuais e por mudan\u00e7a de faixa et\u00e1ria, al\u00e9m dos planos odontol\u00f3gicos<\/em><\/strong><\/p>\n<p>A Ag\u00eancia Nacional de Sa\u00fade Suplementar (ANS) informou que suspendeu, por 120 dias, a aplica\u00e7\u00e3o de reajustes aos contratos de todos os tipos de planos de sa\u00fade (individual\/familiar e coletivos &#8211; por ades\u00e3o e empresariais). Segundo a ANS, a suspens\u00e3o ter\u00e1 in\u00edcio em setembro e ser\u00e1 v\u00e1lida para reajustes anuais e por mudan\u00e7a de faixa et\u00e1ria dos planos de assist\u00eancia m\u00e9dica e exclusivamente odontol\u00f3gico.<\/p>\n<p>Ainda de acordo com a Ag\u00eancia, haver\u00e1 aferi\u00e7\u00e3o e incorpora\u00e7\u00e3o de impactos posteriormente, bem como a forma de recomposi\u00e7\u00e3o dos reajustes para manuten\u00e7\u00e3o do equil\u00edbrio dos contratos de planos de sa\u00fade.<\/p>\n<p><strong>Entenda a medida<\/strong><\/p>\n<p><strong>Reajuste anual de planos individuais\/familiares:<\/strong> o\u00a0percentual m\u00e1ximo de reajuste a ser aplicado planos individuais\/familiares \u00e9 definido e anunciado pela ANS entre os meses de maio e julho. Neste ano, n\u00e3o houve divulga\u00e7\u00e3o de percentual, portanto, a reguladora n\u00e3o autorizou a aplica\u00e7\u00e3o de reajuste para nenhum contrato individual com anivers\u00e1rio a partir de maio de 2020. Pela medida, n\u00e3o haver\u00e1 an\u00fancio, nem autoriza\u00e7\u00e3o de reajuste para esses planos em 2020.<\/p>\n<p><strong>Planos coletivos com menos de 30 benefici\u00e1rios (empresarias e por ades\u00e3o): <\/strong>para defini\u00e7\u00e3o do reajuste desses contratos, as operadoras devem reunir em um grupo \u00fanico todos os seus contratos coletivos com menos de 30 benefici\u00e1rios para aplica\u00e7\u00e3o do mesmo percentual de reajuste. Pela medida, est\u00e3o suspensos os reajustes para essas carteiras no per\u00edodo de setembro a dezembro de 2020.<\/p>\n<p><strong>Reajuste de planos coletivos com 30 benefici\u00e1rios ou mais (empresarias e por ades\u00e3o): <\/strong>os reajustes das carteiras com 30 ou mais benefici\u00e1rios s\u00e3o definidos ap\u00f3s livre negocia\u00e7\u00e3o entre a pessoa jur\u00eddica contratante e a operadora ou administradora de benef\u00edcios contratada. A justificativa do percentual proposto deve ser fundamentada pela operadora e seus c\u00e1lculos disponibilizados para confer\u00eancia.<\/p>\n<p>Pela medida, est\u00e3o suspensos os reajustes para essas carteiras no per\u00edodo de setembro a dezembro de 2020. No caso dos planos com 30 ou mais vidas, a pessoa jur\u00eddica contratante poder\u00e1 optar por n\u00e3o ter o reajuste suspenso, se for do seu interesse, devendo informar a op\u00e7\u00e3o \u00e0 operadora.<\/p>\n<p>*Com informa\u00e7\u00f5es da ANS<\/p>\n","protected":false},"excerpt":{"rendered":"<p>Prazo ter\u00e1 in\u00edcio em setembro e ser\u00e1 v\u00e1lido para reajustes anuais e por mudan\u00e7a de faixa et\u00e1ria, al\u00e9m dos planos odontol\u00f3gicos A Ag\u00eancia Nacional de&#8230;<\/p>\n","protected":false},"author":1182,"featured_media":30179,"comment_status":"closed","ping_status":"closed","sticky":false,"template":"","format":"standard","meta":{"footnotes":""},"categories":[1],"tags":[515,3223,1821,392,3162,517],"class_list":["post-31223","post","type-post","status-publish","format-standard","has-post-thumbnail","hentry","category-sem-categoria","tag-ans","tag-cobranca","tag-planos-de-saude","tag-reajuste","tag-setembro","tag-suspensao"],"_links":{"self":[{"href":"https:\/\/www.sincomam.org.br\/index.php\/wp-json\/wp\/v2\/posts\/31223","targetHints":{"allow":["GET"]}}],"collection":[{"href":"https:\/\/www.sincomam.org.br\/index.php\/wp-json\/wp\/v2\/posts"}],"about":[{"href":"https:\/\/www.sincomam.org.br\/index.php\/wp-json\/wp\/v2\/types\/post"}],"author":[{"embeddable":true,"href":"https:\/\/www.sincomam.org.br\/index.php\/wp-json\/wp\/v2\/users\/1182"}],"replies":[{"embeddable":true,"href":"https:\/\/www.sincomam.org.br\/index.php\/wp-json\/wp\/v2\/comments?post=31223"}],"version-history":[{"count":1,"href":"https:\/\/www.sincomam.org.br\/index.php\/wp-json\/wp\/v2\/posts\/31223\/revisions"}],"predecessor-version":[{"id":31224,"href":"https:\/\/www.sincomam.org.br\/index.php\/wp-json\/wp\/v2\/posts\/31223\/revisions\/31224"}],"wp:featuredmedia":[{"embeddable":true,"href":"https:\/\/www.sincomam.org.br\/index.php\/wp-json\/wp\/v2\/media\/30179"}],"wp:attachment":[{"href":"https:\/\/www.sincomam.org.br\/index.php\/wp-json\/wp\/v2\/media?parent=31223"}],"wp:term":[{"taxonomy":"category","embeddable":true,"href":"https:\/\/www.sincomam.org.br\/index.php\/wp-json\/wp\/v2\/categories?post=31223"},{"taxonomy":"post_tag","embeddable":true,"href":"https:\/\/www.sincomam.org.br\/index.php\/wp-json\/wp\/v2\/tags?post=31223"}],"curies":[{"name":"wp","href":"https:\/\/api.w.org\/{rel}","templated":true}]}}