{"id":31219,"date":"2020-08-25T11:20:08","date_gmt":"2020-08-25T14:20:08","guid":{"rendered":"http:\/\/www.sincomam.org.br\/?p=31219"},"modified":"2020-08-25T11:20:08","modified_gmt":"2020-08-25T14:20:08","slug":"marinha-do-brasil-realiza-acoes-de-inspecao-naval-no-litoral-sergipano","status":"publish","type":"post","link":"https:\/\/www.sincomam.org.br\/index.php\/marinha-do-brasil-realiza-acoes-de-inspecao-naval-no-litoral-sergipano\/","title":{"rendered":"Marinha do Brasil realiza a\u00e7\u00f5es de inspe\u00e7\u00e3o naval no litoral sergipano"},"content":{"rendered":"<p><strong><em>Navio-Patrulha &#8220;Gravata\u00ed&#8221; em a\u00e7\u00e3o de presen\u00e7a nas proximidades do Navio &#8220;Golar Nanook&#8221; durante a inaugura\u00e7\u00e3o da Termoel\u00e9trica Porto de Sergipe I<\/em><\/strong><\/p>\n<p>A Marinha do Brasil informou que o Navio-Patrulha &#8220;Gravata\u00ed&#8221;, subordinado ao Comando do Grupamento de Patrulha Naval do Leste, realizou a\u00e7\u00f5es de inspe\u00e7\u00e3o naval e patrulhamento no litoral sergipano.<\/p>\n<p>Segundo a Marinha, o navio efetuou a\u00e7\u00e3o de presen\u00e7a nas proximidades do Navio Regaseificador de G\u00e1s Natural Liquefeito &#8220;Golar Nanook&#8221;, durante a inaugura\u00e7\u00e3o da Usina Termoel\u00e9tica Porto de Sergipe I, com a presen\u00e7a do Presidente da Rep\u00fablica e do Ministro de Minas e Energia.<\/p>\n<p>Os militares do navio tamb\u00e9m orientaram os tripulantes das embarca\u00e7\u00f5es e plataformas quanto \u00e0s medidas de preven\u00e7\u00e3o e combate ao novo coronav\u00edrus, al\u00e9m das atua\u00e7\u00f5es nos aspectos relacionados \u00e0 salvaguarda da vida humana, \u00e0 preven\u00e7\u00e3o da polui\u00e7\u00e3o h\u00eddrica e \u00e0 seguran\u00e7a da navega\u00e7\u00e3o.<\/p>\n<p>*Com informa\u00e7\u00f5es da Marinha do Brasil\/Foto: divulga\u00e7\u00e3o Marinha<\/p>\n","protected":false},"excerpt":{"rendered":"<p>Navio-Patrulha &#8220;Gravata\u00ed&#8221; em a\u00e7\u00e3o de presen\u00e7a nas proximidades do Navio &#8220;Golar Nanook&#8221; durante a inaugura\u00e7\u00e3o da Termoel\u00e9trica Porto de Sergipe I A Marinha do Brasil&#8230;<\/p>\n","protected":false},"author":1182,"featured_media":31220,"comment_status":"closed","ping_status":"closed","sticky":false,"template":"","format":"standard","meta":{"footnotes":""},"categories":[1],"tags":[606,590,2752,2751,3708,3047,1013,67,321,1195],"class_list":["post-31219","post","type-post","status-publish","format-standard","has-post-thumbnail","hentry","category-sem-categoria","tag-acao","tag-acoes","tag-coronavirus","tag-covid-19","tag-gravatai","tag-inspecoes","tag-marinha-do-brasil","tag-naval","tag-navio-patrulha","tag-sergipe"],"_links":{"self":[{"href":"https:\/\/www.sincomam.org.br\/index.php\/wp-json\/wp\/v2\/posts\/31219","targetHints":{"allow":["GET"]}}],"collection":[{"href":"https:\/\/www.sincomam.org.br\/index.php\/wp-json\/wp\/v2\/posts"}],"about":[{"href":"https:\/\/www.sincomam.org.br\/index.php\/wp-json\/wp\/v2\/types\/post"}],"author":[{"embeddable":true,"href":"https:\/\/www.sincomam.org.br\/index.php\/wp-json\/wp\/v2\/users\/1182"}],"replies":[{"embeddable":true,"href":"https:\/\/www.sincomam.org.br\/index.php\/wp-json\/wp\/v2\/comments?post=31219"}],"version-history":[{"count":1,"href":"https:\/\/www.sincomam.org.br\/index.php\/wp-json\/wp\/v2\/posts\/31219\/revisions"}],"predecessor-version":[{"id":31221,"href":"https:\/\/www.sincomam.org.br\/index.php\/wp-json\/wp\/v2\/posts\/31219\/revisions\/31221"}],"wp:featuredmedia":[{"embeddable":true,"href":"https:\/\/www.sincomam.org.br\/index.php\/wp-json\/wp\/v2\/media\/31220"}],"wp:attachment":[{"href":"https:\/\/www.sincomam.org.br\/index.php\/wp-json\/wp\/v2\/media?parent=31219"}],"wp:term":[{"taxonomy":"category","embeddable":true,"href":"https:\/\/www.sincomam.org.br\/index.php\/wp-json\/wp\/v2\/categories?post=31219"},{"taxonomy":"post_tag","embeddable":true,"href":"https:\/\/www.sincomam.org.br\/index.php\/wp-json\/wp\/v2\/tags?post=31219"}],"curies":[{"name":"wp","href":"https:\/\/api.w.org\/{rel}","templated":true}]}}