{"id":31210,"date":"2020-08-24T12:02:48","date_gmt":"2020-08-24T15:02:48","guid":{"rendered":"http:\/\/www.sincomam.org.br\/?p=31210"},"modified":"2020-08-24T12:02:48","modified_gmt":"2020-08-24T15:02:48","slug":"governo-lancara-o-renda-brasil-dentro-do-pro-brasil-amanha","status":"publish","type":"post","link":"https:\/\/www.sincomam.org.br\/index.php\/governo-lancara-o-renda-brasil-dentro-do-pro-brasil-amanha\/","title":{"rendered":"Governo lan\u00e7ar\u00e1 o Renda Brasil dentro do Pr\u00f3-Brasil amanh\u00e3"},"content":{"rendered":"<p><strong><em>Casa Civil apresenta projeto de reestrutura\u00e7\u00e3o do pa\u00eds p\u00f3s-pandemia, batizado de &#8220;Big Bang Day&#8221;<\/em><\/strong><\/p>\n<p>O Plano de Retomada da Economia que ser\u00e1 lan\u00e7ado nesta ter\u00e7a-feira pelo governo federal ser\u00e1 o Pr\u00f3-Brasil: iniciativa que tem como prop\u00f3sito reduzir os impactos do coronav\u00edrus nas \u00e1reas social e econ\u00f4mica com foco no per\u00edodo p\u00f3s-pandemia. O programa foi reformulado e ampliado em dois eixos: Ordem e Progresso.<\/p>\n<p>O lan\u00e7amento do programa traz uma mudan\u00e7a em rela\u00e7\u00e3o \u00e0 primeira vers\u00e3o do Pr\u00f3-Brasil, apresentado em 22 de abril, que agora trar\u00e1 o Renda Brasil (programa de amplia\u00e7\u00e3o do Bolsa Fam\u00edlia e substitui\u00e7\u00e3o do aux\u00edlio emergencial) e medidas que garantam a manuten\u00e7\u00e3o do teto de gastos (regulamenta\u00e7\u00e3o dos gatilhos).<\/p>\n<p>O an\u00fancio do plano est\u00e1 sendo chamado pela equipe econ\u00f4mica de &#8220;Big Bang Day&#8221;, j\u00e1 que trata-se de uma grande aposta de retomada do crescimento. \u201cObservamos que j\u00e1 estavam surgindo alguns programas de reestrutura\u00e7\u00e3o em diversos minist\u00e9rios. A Casa Civil, como o \u00f3rg\u00e3o coordenador dos minist\u00e9rios e d\u00e1 sinergia aos esfor\u00e7os, prop\u00f4s o programa Pr\u00f3-Brasil e teve aceita\u00e7\u00e3o un\u00e2nime\u201d, explicou Braga Netto, durante a coletiva no Planalto, dia 22.<\/p>\n<p><strong>Divis\u00e3o do programa<\/strong><\/p>\n<p>De acordo com as informa\u00e7\u00f5es divulgadas pelo governo, no eixo Ordem encontram-se as medidas estruturantes como o aprimoramento do arcabou\u00e7o normativo; atra\u00e7\u00e3o de investimentos privados; maior seguran\u00e7a jur\u00eddica e produtividade; melhoria do ambiente de neg\u00f3cios; e mitiga\u00e7\u00e3o dos impactos socioecon\u00f4micos. J\u00e1 no eixo Progresso, est\u00e3o previstos investimentos com a realiza\u00e7\u00e3o de obras p\u00fablicas e de parcerias com o setor privado.<\/p>\n<p><strong>Abrang\u00eancia do Pr\u00f3-Brasil<\/strong><\/p>\n<p>O programa se divide em cinco temas: Infraestrutura (transporte e log\u00edstica; energia e minera\u00e7\u00e3o; telecomunica\u00e7\u00f5es e desenvolvimento regional e cidades); Desenvolvimento Produtivo (ind\u00fastria; agroneg\u00f3cio; servi\u00e7os e turismo); Capital Humano (cidadania; capacita\u00e7\u00e3o; sa\u00fade e defesa, intelig\u00eancia, seguran\u00e7a p\u00fablica e controle da corrup\u00e7\u00e3o); Inova\u00e7\u00e3o e Tecnologia (cadeias digitais; ind\u00fastria criativa e ci\u00eancia) e Viabilizadoras (finan\u00e7as e tributa\u00e7\u00e3o; legisla\u00e7\u00e3o e controle; meio ambiente; institucional e internacional e valores e tradi\u00e7\u00f5es).<\/p>\n<p>A defini\u00e7\u00e3o da Carteira dos Projetos, que ainda est\u00e1 sendo fechada, traria ainda reforma tribut\u00e1ria (j\u00e1 em tramita\u00e7\u00e3o no Congresso), mudan\u00e7as no Pacto Federativo (parado no Congresso) e a reformula\u00e7\u00e3o do Minha Casa Minha Vida, que agora ser\u00e1 chamado de Casa Verde Amarela, focado em financiamento para reformas, e n\u00e3o para constru\u00e7\u00e3o, como era o Minha Casa, Minha Vida.<\/p>\n<p>Outros projetos que j\u00e1 foram lan\u00e7ados pelo governo estar\u00e3o no pacote, como a Carteira Verde Amarela e acess\u00e3o \u00e0 OCDE e as mudan\u00e7as dos marcos regulat\u00f3rios que vem sendo defendidas pelo ministro Paulo Guedes como fundamentais para destravar a economia: saneamento, cabotagem, Nova Lei do g\u00e1s.<\/p>\n<p>*Com informa\u00e7\u00f5es do Governo Federal<\/p>\n","protected":false},"excerpt":{"rendered":"<p>Casa Civil apresenta projeto de reestrutura\u00e7\u00e3o do pa\u00eds p\u00f3s-pandemia, batizado de &#8220;Big Bang Day&#8221; O Plano de Retomada da Economia que ser\u00e1 lan\u00e7ado nesta ter\u00e7a-feira&#8230;<\/p>\n","protected":false},"author":1182,"featured_media":17874,"comment_status":"closed","ping_status":"closed","sticky":false,"template":"","format":"standard","meta":{"footnotes":""},"categories":[1],"tags":[3702,3703,2752,2751,414,51,3704,2755,1521,3701,754,3705,367,3700],"class_list":["post-31210","post","type-post","status-publish","format-standard","has-post-thumbnail","hentry","category-sem-categoria","tag-big-bang-day","tag-casa-civil","tag-coronavirus","tag-covid-19","tag-governo-federal","tag-lancamento","tag-ordem","tag-pandemia","tag-planalto","tag-pro-brasil","tag-programa","tag-progresso","tag-projeto","tag-renda-brasil"],"_links":{"self":[{"href":"https:\/\/www.sincomam.org.br\/index.php\/wp-json\/wp\/v2\/posts\/31210","targetHints":{"allow":["GET"]}}],"collection":[{"href":"https:\/\/www.sincomam.org.br\/index.php\/wp-json\/wp\/v2\/posts"}],"about":[{"href":"https:\/\/www.sincomam.org.br\/index.php\/wp-json\/wp\/v2\/types\/post"}],"author":[{"embeddable":true,"href":"https:\/\/www.sincomam.org.br\/index.php\/wp-json\/wp\/v2\/users\/1182"}],"replies":[{"embeddable":true,"href":"https:\/\/www.sincomam.org.br\/index.php\/wp-json\/wp\/v2\/comments?post=31210"}],"version-history":[{"count":1,"href":"https:\/\/www.sincomam.org.br\/index.php\/wp-json\/wp\/v2\/posts\/31210\/revisions"}],"predecessor-version":[{"id":31211,"href":"https:\/\/www.sincomam.org.br\/index.php\/wp-json\/wp\/v2\/posts\/31210\/revisions\/31211"}],"wp:featuredmedia":[{"embeddable":true,"href":"https:\/\/www.sincomam.org.br\/index.php\/wp-json\/wp\/v2\/media\/17874"}],"wp:attachment":[{"href":"https:\/\/www.sincomam.org.br\/index.php\/wp-json\/wp\/v2\/media?parent=31210"}],"wp:term":[{"taxonomy":"category","embeddable":true,"href":"https:\/\/www.sincomam.org.br\/index.php\/wp-json\/wp\/v2\/categories?post=31210"},{"taxonomy":"post_tag","embeddable":true,"href":"https:\/\/www.sincomam.org.br\/index.php\/wp-json\/wp\/v2\/tags?post=31210"}],"curies":[{"name":"wp","href":"https:\/\/api.w.org\/{rel}","templated":true}]}}