{"id":31208,"date":"2020-08-24T11:21:27","date_gmt":"2020-08-24T14:21:27","guid":{"rendered":"http:\/\/www.sincomam.org.br\/?p=31208"},"modified":"2020-08-24T11:21:27","modified_gmt":"2020-08-24T14:21:27","slug":"funcionarios-dos-correios-decidem-manter-greve-por-tempo-indeterminado","status":"publish","type":"post","link":"https:\/\/www.sincomam.org.br\/index.php\/funcionarios-dos-correios-decidem-manter-greve-por-tempo-indeterminado\/","title":{"rendered":"Funcion\u00e1rios dos Correios decidem manter greve por tempo indeterminado"},"content":{"rendered":"<p>Os funcion\u00e1rios dos Correios de todo o pa\u00eds decidiram continuar a greve iniciada no dia 17 de agosto. A decis\u00e3o foi anunciada no s\u00e1bado pela Findect (Federa\u00e7\u00e3o Nacional dos Trabalhadores em Empresas de Correios e Tel\u00e9grafos e Similares).<\/p>\n<p>Segundo a entidade, a escolha de seguir com a paralisa\u00e7\u00e3o foi motivada pela decis\u00e3o do STF (Supremo Tribunal Federal) de manter a suspens\u00e3o do acordo coletivo dos trabalhadores dos Correios.<\/p>\n<p><em>&#8220;A orienta\u00e7\u00e3o da Findect e Sindicatos filiados \u00e9 para os trabalhadores se manterem mobilizados, participando das atividades convocadas pelos sindicatos, e convocarem todos os seus companheiros a aderirem \u00e0 greve&#8221;, diz a nota publicada no site da entidade. <\/em><\/p>\n<p>Segundo o grupo, &#8220;a dire\u00e7\u00e3o da ECT prop\u00f5e a retirada de 70 cl\u00e1usulas nas quais previam direitos importantes da categoria&#8221;. Na lista, estariam benef\u00edcios como: vale alimenta\u00e7\u00e3o, vale cultura, licen\u00e7a maternidade de 180 dias, aux\u00edlio creche, indeniza\u00e7\u00e3o de morte, aux\u00edlio para filhos com necessidades especiais, pagamento de adicional noturno e horas extras.<\/p>\n<p>Com a suspens\u00e3o do acordo coletivo, os empregados sofrer\u00e3o descontos na folha de pagamento j\u00e1 a partir deste m\u00eas. Em alguns casos, segundo a Findect, a queda na remunera\u00e7\u00e3o pode chegar a 40%.<\/p>\n<p>Agora, os empregados e os Correios ter\u00e3o de negociar um novo acordo coletivo junto ao TST (Tribunal Superior do Trabalho) e iniciar uma campanha salarial. Segundo a entidade, cerca de 70% do efetivo est\u00e1 parado, principalmente setores operacionais, o que significa aproximadamente 70 mil trabalhadores.<\/p>\n<p>Os Correios ainda n\u00e3o se manifestaram sobre a decis\u00e3o do STF nem sobre a continuidade da greve. \u00a0No final de semana, a empresa realizou um mutir\u00e3o de entregas para minimizar os impactos da paralisa\u00e7\u00e3o.<\/p>\n<p>Fonte: Uol Economia<\/p>\n","protected":false},"excerpt":{"rendered":"<p>Os funcion\u00e1rios dos Correios de todo o pa\u00eds decidiram continuar a greve iniciada no dia 17 de agosto. A decis\u00e3o foi anunciada no s\u00e1bado pela&#8230;<\/p>\n","protected":false},"author":1182,"featured_media":31136,"comment_status":"closed","ping_status":"closed","sticky":false,"template":"","format":"standard","meta":{"footnotes":""},"categories":[1],"tags":[990,217,244,3699,3698],"class_list":["post-31208","post","type-post","status-publish","format-standard","has-post-thumbnail","hentry","category-sem-categoria","tag-correios","tag-funcionarios","tag-greve","tag-indeterminado","tag-tempo"],"_links":{"self":[{"href":"https:\/\/www.sincomam.org.br\/index.php\/wp-json\/wp\/v2\/posts\/31208","targetHints":{"allow":["GET"]}}],"collection":[{"href":"https:\/\/www.sincomam.org.br\/index.php\/wp-json\/wp\/v2\/posts"}],"about":[{"href":"https:\/\/www.sincomam.org.br\/index.php\/wp-json\/wp\/v2\/types\/post"}],"author":[{"embeddable":true,"href":"https:\/\/www.sincomam.org.br\/index.php\/wp-json\/wp\/v2\/users\/1182"}],"replies":[{"embeddable":true,"href":"https:\/\/www.sincomam.org.br\/index.php\/wp-json\/wp\/v2\/comments?post=31208"}],"version-history":[{"count":1,"href":"https:\/\/www.sincomam.org.br\/index.php\/wp-json\/wp\/v2\/posts\/31208\/revisions"}],"predecessor-version":[{"id":31209,"href":"https:\/\/www.sincomam.org.br\/index.php\/wp-json\/wp\/v2\/posts\/31208\/revisions\/31209"}],"wp:featuredmedia":[{"embeddable":true,"href":"https:\/\/www.sincomam.org.br\/index.php\/wp-json\/wp\/v2\/media\/31136"}],"wp:attachment":[{"href":"https:\/\/www.sincomam.org.br\/index.php\/wp-json\/wp\/v2\/media?parent=31208"}],"wp:term":[{"taxonomy":"category","embeddable":true,"href":"https:\/\/www.sincomam.org.br\/index.php\/wp-json\/wp\/v2\/categories?post=31208"},{"taxonomy":"post_tag","embeddable":true,"href":"https:\/\/www.sincomam.org.br\/index.php\/wp-json\/wp\/v2\/tags?post=31208"}],"curies":[{"name":"wp","href":"https:\/\/api.w.org\/{rel}","templated":true}]}}