{"id":31196,"date":"2020-08-24T10:24:07","date_gmt":"2020-08-24T13:24:07","guid":{"rendered":"http:\/\/www.sincomam.org.br\/?p=31196"},"modified":"2020-08-24T10:24:07","modified_gmt":"2020-08-24T13:24:07","slug":"reabertura-das-agencias-do-inss-e-adiada-para-14-de-setembro","status":"publish","type":"post","link":"https:\/\/www.sincomam.org.br\/index.php\/reabertura-das-agencias-do-inss-e-adiada-para-14-de-setembro\/","title":{"rendered":"Reabertura das ag\u00eancias do INSS \u00e9 adiada para 14 de setembro"},"content":{"rendered":"<p><strong><em>A medida foi publicada hoje no Di\u00e1rio Oficial da Uni\u00e3o<\/em><\/strong><\/p>\n<p>Foi publicada hoje (24) no Di\u00e1rio Oficial da Uni\u00e3o a portaria do Instituto Nacional do Seguro Social (INSS) e da Secretaria Especial de Previd\u00eancia e Trabalho do Minist\u00e9rio da Economia que prorroga o atendimento aos segurados e benefici\u00e1rios, exclusivamente por canais remotos, at\u00e9 o dia 11 de setembro. A retomada do atendimento presencial nas ag\u00eancias da Previd\u00eancia est\u00e1 prevista para ocorrer em 14 de setembro.<\/p>\n<p>A decis\u00e3o pela prorroga\u00e7\u00e3o foi anunciada na sexta-feira (21) passada. A suspens\u00e3o do atendimento nas unidades ocorreu em mar\u00e7o em raz\u00e3o da pandemia da covid-19 e, desde ent\u00e3o, o INSS e o Minist\u00e9rio da Economia vem prorrogando o atendimento remoto. De acordo com a \u00faltima portaria, publicada em julho, a reabertura estava prevista para hoje (24).<\/p>\n<p>A retomada dever\u00e1 ser gradual e o atendimento com agendamento pr\u00e9vio pelos canais remotos. At\u00e9 l\u00e1, para acessar os servi\u00e7os da Previd\u00eancia, os segurados e benefici\u00e1rios devem utilizar os canais Meu INSS, pela internet, e Central 135, pelo telefone. Segundo o INSS, essas formas de atendimento continuar\u00e3o sendo utilizadas mesmo ap\u00f3s a reabertura das ag\u00eancias e ser\u00e3o adotadas medidas para simplifica\u00e7\u00e3o dos procedimentos e a amplia\u00e7\u00e3o do prazo para cumprir exig\u00eancias.<\/p>\n<p>A reabertura considerar\u00e1 as especificidades das 1.525 ag\u00eancias da Previd\u00eancia Social em todo o Brasil. Cada unidade dever\u00e1 avaliar o perfil do quadro de servidores e contratados, o volume de atendimentos realizados, a organiza\u00e7\u00e3o do espa\u00e7o f\u00edsico, as medidas de limpeza e os equipamentos de prote\u00e7\u00e3o individual e coletiva. Aquelas que n\u00e3o reunirem as condi\u00e7\u00f5es m\u00ednimas de seguran\u00e7a sanit\u00e1ria continuar\u00e3o em regime de plant\u00e3o reduzido para tirar d\u00favidas.<\/p>\n<p><strong>Novos procedimentos<\/strong><\/p>\n<p>Para agilizar os seus procedimentos, o INSS passou a adotar o servi\u00e7o chamado Exig\u00eancia Expressa para entrega de documenta\u00e7\u00e3o para a an\u00e1lise de requerimentos que, por algum motivo, n\u00e3o puderam ser conclu\u00eddos por meio remoto. Desde julho, a novidade est\u00e1 em vigor em S\u00e3o Paulo e, este m\u00eas, foi estendida a todo o pa\u00eds.<\/p>\n<p>Os documentos poder\u00e3o ser entregues em urnas que foram colocadas na entrada das ag\u00eancias. O interessado deve depositar nelas c\u00f3pias simples dos documentos solicitados pelo INSS, na unidade da Previd\u00eancia mais pr\u00f3xima de sua resid\u00eancia. Para isso, \u00e9 preciso fazer o agendamento pelo Meu INSS ou Central 135<\/p>\n<p>Al\u00e9m disso, o instituto iniciou o projeto-piloto da prova de vida por biometria facial. A prova de vida digital ser\u00e1 feita nos aplicativos do Governo Digital e Meu INSS com o uso da c\u00e2mera do celular do cidad\u00e3o. Como se trata de um projeto-piloto, o \u00edcone para a prova de vida digital s\u00f3 estar\u00e1 dispon\u00edvel para os usu\u00e1rios escolhidos. Cerca de 500 mil segurados foram selecionados pelo \u00f3rg\u00e3o.<\/p>\n<p><strong>Benef\u00edcios<\/strong><\/p>\n<p>Obrigat\u00f3ria para o recebimento de aposentadoria, aux\u00edlios e pens\u00f5es, a prova de vida deve ser feita todos os anos, no m\u00eas de anivers\u00e1rio do segurado, na ag\u00eancia banc\u00e1ria onde o benef\u00edcio \u00e9 sacado. Caso o pr\u00f3prio segurado n\u00e3o possa comparecer, algum representante legal pode ir em seu lugar. Por causa da pandemia do novo coronav\u00edrus, o procedimento est\u00e1 suspenso at\u00e9 setembro.<\/p>\n<p>Fonte: Ag\u00eancia Brasil<\/p>\n","protected":false},"excerpt":{"rendered":"<p>A medida foi publicada hoje no Di\u00e1rio Oficial da Uni\u00e3o Foi publicada hoje (24) no Di\u00e1rio Oficial da Uni\u00e3o a portaria do Instituto Nacional do&#8230;<\/p>\n","protected":false},"author":1182,"featured_media":29325,"comment_status":"closed","ping_status":"closed","sticky":false,"template":"","format":"standard","meta":{"footnotes":""},"categories":[1],"tags":[3697,720,1454,1839,3161,3162],"class_list":["post-31196","post","type-post","status-publish","format-standard","has-post-thumbnail","hentry","category-sem-categoria","tag-agencias","tag-atendimento","tag-beneficios","tag-inss","tag-reabertura","tag-setembro"],"_links":{"self":[{"href":"https:\/\/www.sincomam.org.br\/index.php\/wp-json\/wp\/v2\/posts\/31196","targetHints":{"allow":["GET"]}}],"collection":[{"href":"https:\/\/www.sincomam.org.br\/index.php\/wp-json\/wp\/v2\/posts"}],"about":[{"href":"https:\/\/www.sincomam.org.br\/index.php\/wp-json\/wp\/v2\/types\/post"}],"author":[{"embeddable":true,"href":"https:\/\/www.sincomam.org.br\/index.php\/wp-json\/wp\/v2\/users\/1182"}],"replies":[{"embeddable":true,"href":"https:\/\/www.sincomam.org.br\/index.php\/wp-json\/wp\/v2\/comments?post=31196"}],"version-history":[{"count":1,"href":"https:\/\/www.sincomam.org.br\/index.php\/wp-json\/wp\/v2\/posts\/31196\/revisions"}],"predecessor-version":[{"id":31197,"href":"https:\/\/www.sincomam.org.br\/index.php\/wp-json\/wp\/v2\/posts\/31196\/revisions\/31197"}],"wp:featuredmedia":[{"embeddable":true,"href":"https:\/\/www.sincomam.org.br\/index.php\/wp-json\/wp\/v2\/media\/29325"}],"wp:attachment":[{"href":"https:\/\/www.sincomam.org.br\/index.php\/wp-json\/wp\/v2\/media?parent=31196"}],"wp:term":[{"taxonomy":"category","embeddable":true,"href":"https:\/\/www.sincomam.org.br\/index.php\/wp-json\/wp\/v2\/categories?post=31196"},{"taxonomy":"post_tag","embeddable":true,"href":"https:\/\/www.sincomam.org.br\/index.php\/wp-json\/wp\/v2\/tags?post=31196"}],"curies":[{"name":"wp","href":"https:\/\/api.w.org\/{rel}","templated":true}]}}