{"id":31181,"date":"2020-08-21T09:54:09","date_gmt":"2020-08-21T12:54:09","guid":{"rendered":"http:\/\/www.sincomam.org.br\/?p=31181"},"modified":"2020-08-21T10:15:14","modified_gmt":"2020-08-21T13:15:14","slug":"aguas-do-rio-sao-francisco-chegam-ao-ceara-2","status":"publish","type":"post","link":"https:\/\/www.sincomam.org.br\/index.php\/aguas-do-rio-sao-francisco-chegam-ao-ceara-2\/","title":{"rendered":"Integra\u00e7\u00e3o do Rio S\u00e3o Francisco chega ao Cear\u00e1"},"content":{"rendered":"<p><strong><em>Ministro do Desenvolvimento Regional acionou comporta que libera \u00e1guas do Eixo Norte do Projeto, no munic\u00edpio de Jati<\/em><\/strong><\/p>\n<p>Em mais uma etapa para garantir a seguran\u00e7a h\u00eddrica no Nordeste, o ministro do Desenvolvimento Regional, Rog\u00e9rio Marinho, acionou a comporta que libera as \u00e1guas do Eixo Norte do Projeto de Integra\u00e7\u00e3o do Rio S\u00e3o Francisco, no Reservat\u00f3rio Jati, para o Cintur\u00e3o das \u00c1guas do Cear\u00e1.<\/p>\n<p>A \u00e1gua vai beneficiar 4,5 milh\u00f5es de pessoas na regi\u00e3o metropolitana de Fortaleza. O trecho priorit\u00e1rio de 53 quil\u00f4metros do Cintur\u00e3o das \u00c1guas do Cear\u00e1 levar\u00e1 as \u00e1guas do Eixo Norte do Projeto S\u00e3o Francisco para a Bacia do Rio Jaguaribe. De l\u00e1, a \u00e1gua percorre 256 quil\u00f4metros at\u00e9 o A\u00e7ude Castanh\u00e3o, que abastece Fortaleza e cidades pr\u00f3ximas.<\/p>\n<p>As obras, com 64,61% de avan\u00e7o f\u00edsico, s\u00e3o executadas pelo governo estadual com recursos da Uni\u00e3o. Desde o ano passado, o Governo Federal j\u00e1 aportou R$ 171 milh\u00f5es no empreendimento.<\/p>\n<p><em>\u201c\u00c9 importante colocar que, nesse um ano e seis meses da administra\u00e7\u00e3o de Bolsonaro [Presidente Jair Bolsonaro], proporcionalmente, foi o momento que houve maior investimento de recurso nas obras de transposi\u00e7\u00e3o do S\u00e3o Francisco e em todas as obras acess\u00f3rias, quase R$ 3 bilh\u00f5es at\u00e9 agora. Estamos em um ano e meio conseguindo, praticamente, avan\u00e7ar de uma forma que n\u00e3o foi feita anteriormente\u201d, disse o ministro do Desenvolvimento Regional, Rog\u00e9rio Marinho.<\/em><\/p>\n<p>A chegada das \u00e1guas do Eixo Norte do Projeto de Integra\u00e7\u00e3o do Rio S\u00e3o Francisco ao sert\u00e3o cearense ocorreu em 26 de junho, quando o Presidente Jair Bolsonaro abriu as comportas no Reservat\u00f3rio de Milagres. A partir da\u00ed as \u00e1guas que j\u00e1 abasteciam o reservat\u00f3rio passaram pelo T\u00fanel Milagres e come\u00e7aram a encher o Reservat\u00f3rio Jati, primeiro em territ\u00f3rio cearense. Desse ponto, a \u00e1gua seguir\u00e1 para as pr\u00f3ximas estruturas do empreendimento e vai chegar tamb\u00e9m at\u00e9 a Para\u00edba e o Rio Grande do Norte.<\/p>\n<p>Segundo Rog\u00e9rio Marinho, a inten\u00e7\u00e3o \u00e9 que, em meados de julho do pr\u00f3ximo ano, a \u00e1gua chegue a Para\u00edba e ao Rio Grande do Norte, concluindo o processo principal de integra\u00e7\u00e3o. Ele lembrou que, al\u00e9m dos eixos principais, o Projeto de Integra\u00e7\u00e3o do Rio S\u00e3o Francisco prev\u00ea uma s\u00e9rie de obras acess\u00f3rias e citou como exemplos O Canal do Sert\u00e3o Alagoano e a Adutora do Agreste, localizada no sert\u00e3o pernambucano.<\/p>\n<p><em>\u201cS\u00e3o uma s\u00e9rie de obras que v\u00e3o dar o que convencionamos chamar de seguran\u00e7a h\u00eddrica. Estamos envidando esfor\u00e7os para, at\u00e9 o final deste m\u00eas de setembro, anunciarmos o in\u00edcio das tratativas para fazermos a licita\u00e7\u00e3o do canal Apodi e Salgado que seria o quarto eixo da transposi\u00e7\u00e3o do S\u00e3o Francisco que sequer foi iniciado, mas que o Presidente [Jair Bolsonaro] nos determinou que envid\u00e1ssemos todos os esfor\u00e7os para tamb\u00e9m tratarmos esse trecho importante que vai beneficiar Para\u00edba, Rio Grande do Norte e Cear\u00e1\u201d, disse o ministro.<\/em><\/p>\n<p><strong>Maior empreendimento h\u00eddrico<\/strong><\/p>\n<p>O Projeto de Integra\u00e7\u00e3o do Rio S\u00e3o Francisco soma 477 quil\u00f4metros de extens\u00e3o e \u00e9 o maior empreendimento h\u00eddrico do Pa\u00eds. \u00c9 divido em dois eixos, o Norte e o Leste. Quando todas a estruturas e sistemas complementares nos estados estiverem em opera\u00e7\u00e3o, cerca de 12 milh\u00f5es de pessoas em 390 munic\u00edpios de Pernambuco, Para\u00edba, Cear\u00e1 e Rio Grande do Norte ser\u00e3o beneficiadas.<\/p>\n<p>*Com informa\u00e7\u00f5es do Governo Federal \/ Foto: Adalberto Marques\/MDR<\/p>\n","protected":false},"excerpt":{"rendered":"<p>Ministro do Desenvolvimento Regional acionou comporta que libera \u00e1guas do Eixo Norte do Projeto, no munic\u00edpio de Jati Em mais uma etapa para garantir a&#8230;<\/p>\n","protected":false},"author":1182,"featured_media":31182,"comment_status":"closed","ping_status":"closed","sticky":false,"template":"","format":"standard","meta":{"footnotes":""},"categories":[1],"tags":[602,175,3287,3695,229,3286],"class_list":["post-31181","post","type-post","status-publish","format-standard","has-post-thumbnail","hentry","category-sem-categoria","tag-abertura","tag-ceara","tag-comporta","tag-jati","tag-rio","tag-sao-francisco"],"_links":{"self":[{"href":"https:\/\/www.sincomam.org.br\/index.php\/wp-json\/wp\/v2\/posts\/31181","targetHints":{"allow":["GET"]}}],"collection":[{"href":"https:\/\/www.sincomam.org.br\/index.php\/wp-json\/wp\/v2\/posts"}],"about":[{"href":"https:\/\/www.sincomam.org.br\/index.php\/wp-json\/wp\/v2\/types\/post"}],"author":[{"embeddable":true,"href":"https:\/\/www.sincomam.org.br\/index.php\/wp-json\/wp\/v2\/users\/1182"}],"replies":[{"embeddable":true,"href":"https:\/\/www.sincomam.org.br\/index.php\/wp-json\/wp\/v2\/comments?post=31181"}],"version-history":[{"count":2,"href":"https:\/\/www.sincomam.org.br\/index.php\/wp-json\/wp\/v2\/posts\/31181\/revisions"}],"predecessor-version":[{"id":31184,"href":"https:\/\/www.sincomam.org.br\/index.php\/wp-json\/wp\/v2\/posts\/31181\/revisions\/31184"}],"wp:featuredmedia":[{"embeddable":true,"href":"https:\/\/www.sincomam.org.br\/index.php\/wp-json\/wp\/v2\/media\/31182"}],"wp:attachment":[{"href":"https:\/\/www.sincomam.org.br\/index.php\/wp-json\/wp\/v2\/media?parent=31181"}],"wp:term":[{"taxonomy":"category","embeddable":true,"href":"https:\/\/www.sincomam.org.br\/index.php\/wp-json\/wp\/v2\/categories?post=31181"},{"taxonomy":"post_tag","embeddable":true,"href":"https:\/\/www.sincomam.org.br\/index.php\/wp-json\/wp\/v2\/tags?post=31181"}],"curies":[{"name":"wp","href":"https:\/\/api.w.org\/{rel}","templated":true}]}}