{"id":31172,"date":"2020-08-21T09:26:33","date_gmt":"2020-08-21T12:26:33","guid":{"rendered":"http:\/\/www.sincomam.org.br\/?p=31172"},"modified":"2020-08-21T09:26:33","modified_gmt":"2020-08-21T12:26:33","slug":"auxilio-emergencial-pode-ser-estendido-ate-o-final-do-ano-diz-bolsonaro","status":"publish","type":"post","link":"https:\/\/www.sincomam.org.br\/index.php\/auxilio-emergencial-pode-ser-estendido-ate-o-final-do-ano-diz-bolsonaro\/","title":{"rendered":"Aux\u00edlio Emergencial pode ser estendido at\u00e9 o final do ano, diz Bolsonaro"},"content":{"rendered":"<p><strong><em>Programa atende 66,4 milh\u00f5es de pessoas no pa\u00eds<\/em><\/strong><\/p>\n<p>O presidente Jair Bolsonaro afirmou que o aux\u00edlio emergencial deve ser prorrogado por mais alguns meses, podendo ser estendido at\u00e9 o final do ano. A declara\u00e7\u00e3o foi dada durante cerim\u00f4nia, no Pal\u00e1cio do Planalto, em que o presidente sancionou duas medidas provis\u00f3rias (MP) aprovadas pelo Congresso Nacional, a que institui o Programa Emergencial de Suporte a Empregos (MP 944\/20), e a que cria o Programa Emergencial de Acesso a Cr\u00e9dito (MP 975\/20).<\/p>\n<p>Segundo o presidente, o valor do benef\u00edcio aos informais pesa nos cofres p\u00fablicos e, por isso, dever\u00e1 ser reduzido nos pr\u00f3ximos pagamentos.<\/p>\n<p><em>&#8220;Hoje eu tomei caf\u00e9 com o Rodrigo Maia [presidente da C\u00e2mara dos Deputados] no [Pal\u00e1cio] Alvorada, tamb\u00e9m tratamos desse assunto do aux\u00edlio emergencial. Os R$ 600 pesam muito para a Uni\u00e3o. Isso n\u00e3o \u00e9 dinheiro do povo, porque n\u00e3o t\u00e1 guardado, isso \u00e9 endividamento. E se o pa\u00eds se endivida demais, voc\u00ea acaba perdendo sua credibilidade para o futuro. Ent\u00e3o, os R$ 600 \u00e9 muito. Algu\u00e9m da Economia falou em R$ 200, eu acho que \u00e9 pouco. Mas d\u00e1 para chegar num meio-termo e n\u00f3s buscarmos que ele venha a ser prorrogado por mais alguns meses, talvez at\u00e9 o final do ano, de modo que n\u00f3s consigamos sair dessa situa\u00e7\u00e3o fazendo com que os empregos formais e informais voltem \u00e0 normalidade e n\u00f3s possamos ent\u00e3o continuar naquele ritmo ascendente que terminamos [2019] e come\u00e7amos o in\u00edcio desse ano&#8221;, afirmou Bolsonaro. <\/em><\/p>\n<p>Institu\u00eddo em abril, para conter os efeitos da pandemia sobre a popula\u00e7\u00e3o mais pobre e os trabalhadores informais, o programa concede uma parcela de R$ 600 a R$ 1.200 (no caso das m\u00e3es chefes de fam\u00edlia), por m\u00eas, a cada benefici\u00e1rio. Inicialmente projetado para durar tr\u00eas meses, o aux\u00edlio j\u00e1 teve um total de cinco parcelas aprovadas. Ao todo, s\u00e3o 66,4 milh\u00f5es de pessoas atendidas. O valor desembolsado pelo governo at\u00e9 agora foi de R$ 161 bilh\u00f5es, segundo balan\u00e7o da Caixa Econ\u00f4mica Federal.<\/p>\n<p><strong>Medidas de cr\u00e9dito<\/strong><\/p>\n<p>As duas MPs sancionadas fazem parte das iniciativas tomadas pelo Minist\u00e9rio da Economia para conter os efeitos econ\u00f4micos da crise causada pela pandemia de covid-19. No caso da MP 975, o programa \u00e9 voltado \u00e0s pequenas e m\u00e9dias empresas, com o objetivo de facilitar o acesso a cr\u00e9dito e ajud\u00e1-las a se manterem abertas. Editada pelo governo federal em junho, a medida destina cr\u00e9dito a empresas que tenham tido, em 2019, receita bruta superior a R$ 360 mil e inferior ou igual a R$ 300 milh\u00f5es. A previs\u00e3o do Tesouro Nacional \u00e9 disponibilizar R$ 10 bilh\u00f5es, repassados ao Banco Nacional do Desenvolvimento Econ\u00f4mico e Social (BNDES), institui\u00e7\u00e3o respons\u00e1vel por coordenar o programa.<\/p>\n<p>J\u00e1 a MP 944, que cria Programa Emergencial de Suporte a Empregos, concede uma linha de cr\u00e9dito especial para pequenas e m\u00e9dias empresas pagarem sal\u00e1rios durante a pandemia. Poder\u00e3o participar do programa empresas com receita bruta anual de at\u00e9 R$ 50 milh\u00f5es. O texto ainda prev\u00ea possibilidade de utiliza\u00e7\u00e3o do cr\u00e9dito para financiar a quita\u00e7\u00e3o de verbas trabalhistas de empregados demitidos.<\/p>\n<p>Durante a cerim\u00f4nia, o ministro Paulo Guedes (Economia) disse que os indicadores apontam melhora e ressaltou que o governo est\u00e1 finalizando as medidas de cr\u00e9dito adotadas para conter a crise.<\/p>\n<p><em>&#8220;O Brasil \u00e9 o pa\u00eds emergente que mais expandiu o cr\u00e9dito, foi o pa\u00eds que mais auxiliou os desassistidos e protegeu os vulner\u00e1veis. Gastamos 10% do PIB [Produto Interno Bruto] para proteger os vulner\u00e1veis. Expandimos o potencial de cr\u00e9dito: R$ 1 trilh\u00e3o. E tudo isso agora est\u00e1 empurrando a economia nesse final de ano, e n\u00f3s esperamos ir aprofundando as reformas, de forma que o Brasil, j\u00e1 olhando para o ano seguinte, est\u00e1 de volta no trilho do desenvolvimento sustent\u00e1vel, que \u00e9 onde est\u00e1vamos antes&#8221;, acrescentou Guedes.<\/em><\/p>\n<p>Fonte: Ag\u00eancia Brasil<\/p>\n","protected":false},"excerpt":{"rendered":"<p>Programa atende 66,4 milh\u00f5es de pessoas no pa\u00eds O presidente Jair Bolsonaro afirmou que o aux\u00edlio emergencial deve ser prorrogado por mais alguns meses, podendo&#8230;<\/p>\n","protected":false},"author":1182,"featured_media":31174,"comment_status":"closed","ping_status":"closed","sticky":false,"template":"","format":"standard","meta":{"footnotes":""},"categories":[1],"tags":[1757,2377,61,390,794,856,432,2835,1831,417,204,1654],"class_list":["post-31172","post","type-post","status-publish","format-standard","has-post-thumbnail","hentry","category-sem-categoria","tag-auxilio","tag-beneficio","tag-brasil","tag-caixa","tag-dezembro","tag-economia","tag-emergencial","tag-jair-bolsonaro","tag-medida-provisoria","tag-ministro","tag-pagamento","tag-prorrogacao"],"_links":{"self":[{"href":"https:\/\/www.sincomam.org.br\/index.php\/wp-json\/wp\/v2\/posts\/31172","targetHints":{"allow":["GET"]}}],"collection":[{"href":"https:\/\/www.sincomam.org.br\/index.php\/wp-json\/wp\/v2\/posts"}],"about":[{"href":"https:\/\/www.sincomam.org.br\/index.php\/wp-json\/wp\/v2\/types\/post"}],"author":[{"embeddable":true,"href":"https:\/\/www.sincomam.org.br\/index.php\/wp-json\/wp\/v2\/users\/1182"}],"replies":[{"embeddable":true,"href":"https:\/\/www.sincomam.org.br\/index.php\/wp-json\/wp\/v2\/comments?post=31172"}],"version-history":[{"count":1,"href":"https:\/\/www.sincomam.org.br\/index.php\/wp-json\/wp\/v2\/posts\/31172\/revisions"}],"predecessor-version":[{"id":31175,"href":"https:\/\/www.sincomam.org.br\/index.php\/wp-json\/wp\/v2\/posts\/31172\/revisions\/31175"}],"wp:featuredmedia":[{"embeddable":true,"href":"https:\/\/www.sincomam.org.br\/index.php\/wp-json\/wp\/v2\/media\/31174"}],"wp:attachment":[{"href":"https:\/\/www.sincomam.org.br\/index.php\/wp-json\/wp\/v2\/media?parent=31172"}],"wp:term":[{"taxonomy":"category","embeddable":true,"href":"https:\/\/www.sincomam.org.br\/index.php\/wp-json\/wp\/v2\/categories?post=31172"},{"taxonomy":"post_tag","embeddable":true,"href":"https:\/\/www.sincomam.org.br\/index.php\/wp-json\/wp\/v2\/tags?post=31172"}],"curies":[{"name":"wp","href":"https:\/\/api.w.org\/{rel}","templated":true}]}}