{"id":31164,"date":"2020-08-20T12:28:42","date_gmt":"2020-08-20T15:28:42","guid":{"rendered":"http:\/\/www.sincomam.org.br\/?p=31164"},"modified":"2020-08-20T12:28:42","modified_gmt":"2020-08-20T15:28:42","slug":"governo-deve-prorrogar-suspensao-de-contratos-e-reducao-de-jornadas","status":"publish","type":"post","link":"https:\/\/www.sincomam.org.br\/index.php\/governo-deve-prorrogar-suspensao-de-contratos-e-reducao-de-jornadas\/","title":{"rendered":"Governo deve prorrogar suspens\u00e3o de contratos e redu\u00e7\u00e3o de jornadas"},"content":{"rendered":"<p><strong><em>O objetivo do governo \u00e9 ampliar o prazo do programa por mais 60 dias<\/em><\/strong><\/p>\n<p>O Programa Emergencial de Manuten\u00e7\u00e3o do Emprego e da Renda deve ser prorrogado pelo governo pela segunda vez. A medida libera as empresas e empregados para firmarem acordos de redu\u00e7\u00e3o de jornada e de sal\u00e1rio e de suspens\u00e3o tempor\u00e1ria do contrato por conta da pandemia.<\/p>\n<p>De acordo com a CNN, o objetivo \u00e9 ampliar o prazo por mais 60 dias. A medida tamb\u00e9m deve liberar mais duas parcelas do benef\u00edcio emergencial pago para quem tem carteira de trabalho assinada como empregado intermitente.<\/p>\n<p>Inicialmente, o programa previa as redu\u00e7\u00f5es por at\u00e9 90 dias e a suspens\u00e3o dos contratos por 60 dias. Em julho, o governo liberou a primeira prorroga\u00e7\u00e3o aumentando o per\u00edodo inicial para at\u00e9 120 dias. O novo texto deve ser assinado pelo presidente Jair Bolsonaro nos pr\u00f3ximos dias.<\/p>\n<p>Segundo a CNN, o ministro da Economia, Paulo Guedes, diz, no texto ainda sem assinatura, que a prorroga\u00e7\u00e3o da medida \u00e9 necess\u00e1ria j\u00e1 que o Pa\u00eds permanece no estado de calamidade p\u00fablica.<\/p>\n<p><strong>Medida Provis\u00f3ria<\/strong><\/p>\n<p>A medida provis\u00f3ria foi editada no in\u00edcio de abril, no in\u00edcio da crise do coronav\u00edrus no pa\u00eds, e previa a redu\u00e7\u00e3o de jornada e de sal\u00e1rio por at\u00e9 90 dias e a suspens\u00e3o dos contratos de trabalho por 60 dias.<\/p>\n<p>Em julho, houve uma primeira prorroga\u00e7\u00e3o aumentando o per\u00edodo inicial para at\u00e9 120 dias. Agora, por meio de um novo decreto, o prazo para as empresas aplicarem as medidas para funcion\u00e1rios com carteira assinada deve ser prorrogado por mais 60 dias, completando assim 180 dias.<\/p>\n<p><strong>Leia tamb\u00e9m: <a href=\"https:\/\/www.sincomam.org.br\/index.php\/governo-prorroga-prazo-de-suspensao-de-contratos-de-trabalho-e-reducao-salarial\/\" target=\"_blank\" rel=\"noopener noreferrer\"><em>Redu\u00e7\u00e3o em at\u00e9 70% da jornada de trabalho e de sal\u00e1rios ser\u00e1 de quatro meses ao inv\u00e9s de tr\u00eas<\/em><\/a><\/strong><\/p>\n<p>Fonte: Isto\u00e9 Dinheiro<\/p>\n","protected":false},"excerpt":{"rendered":"<p>O objetivo do governo \u00e9 ampliar o prazo do programa por mais 60 dias O Programa Emergencial de Manuten\u00e7\u00e3o do Emprego e da Renda deve&#8230;<\/p>\n","protected":false},"author":1182,"featured_media":0,"comment_status":"closed","ping_status":"closed","sticky":false,"template":"","format":"standard","meta":{"footnotes":""},"categories":[6],"tags":[1084,3196,2752,2751,295,432,544,192,1233,1831,754,1657],"class_list":["post-31164","post","type-post","status-publish","format-standard","hentry","category-noticias","tag-assinatura","tag-bolsonaro","tag-coronavirus","tag-covid-19","tag-documento","tag-emergencial","tag-emprego","tag-governo","tag-manutencao","tag-medida-provisoria","tag-programa","tag-renda"],"_links":{"self":[{"href":"https:\/\/www.sincomam.org.br\/index.php\/wp-json\/wp\/v2\/posts\/31164","targetHints":{"allow":["GET"]}}],"collection":[{"href":"https:\/\/www.sincomam.org.br\/index.php\/wp-json\/wp\/v2\/posts"}],"about":[{"href":"https:\/\/www.sincomam.org.br\/index.php\/wp-json\/wp\/v2\/types\/post"}],"author":[{"embeddable":true,"href":"https:\/\/www.sincomam.org.br\/index.php\/wp-json\/wp\/v2\/users\/1182"}],"replies":[{"embeddable":true,"href":"https:\/\/www.sincomam.org.br\/index.php\/wp-json\/wp\/v2\/comments?post=31164"}],"version-history":[{"count":1,"href":"https:\/\/www.sincomam.org.br\/index.php\/wp-json\/wp\/v2\/posts\/31164\/revisions"}],"predecessor-version":[{"id":31165,"href":"https:\/\/www.sincomam.org.br\/index.php\/wp-json\/wp\/v2\/posts\/31164\/revisions\/31165"}],"wp:attachment":[{"href":"https:\/\/www.sincomam.org.br\/index.php\/wp-json\/wp\/v2\/media?parent=31164"}],"wp:term":[{"taxonomy":"category","embeddable":true,"href":"https:\/\/www.sincomam.org.br\/index.php\/wp-json\/wp\/v2\/categories?post=31164"},{"taxonomy":"post_tag","embeddable":true,"href":"https:\/\/www.sincomam.org.br\/index.php\/wp-json\/wp\/v2\/tags?post=31164"}],"curies":[{"name":"wp","href":"https:\/\/api.w.org\/{rel}","templated":true}]}}