{"id":31141,"date":"2020-08-19T10:40:15","date_gmt":"2020-08-19T13:40:15","guid":{"rendered":"http:\/\/www.sincomam.org.br\/?p=31141"},"modified":"2020-08-19T10:40:15","modified_gmt":"2020-08-19T13:40:15","slug":"ministerio-da-defesa-anuncia-a-nova-estacao-radar-da-fab-em-corumba-ms","status":"publish","type":"post","link":"https:\/\/www.sincomam.org.br\/index.php\/ministerio-da-defesa-anuncia-a-nova-estacao-radar-da-fab-em-corumba-ms\/","title":{"rendered":"Minist\u00e9rio da Defesa anuncia a nova Esta\u00e7\u00e3o Radar da FAB em Corumb\u00e1 (MS)"},"content":{"rendered":"<p><strong><em>Equipamentos do local monitoram o espa\u00e7o a\u00e9reo brasileiro e contribuem no combate ao tr\u00e1fico de armas e drogas<\/em><\/strong><\/p>\n<p>O Minist\u00e9rio da Defesa, por meio da For\u00e7a A\u00e9rea Brasileira (FAB), inaugurou a Esta\u00e7\u00e3o Radar de Vigil\u00e2ncia A\u00e9rea em Corumb\u00e1, no Mato Grosso do Sul. A abertura do novo espa\u00e7o faz parte do processo de moderniza\u00e7\u00e3o da rede de radares de vigil\u00e2ncia do Sistema do Sistema de Controle do Espa\u00e7o A\u00e9reo Brasileiro (SISCEAB).<\/p>\n<p>O novo equipamento visa refor\u00e7ar a seguran\u00e7a do espa\u00e7o a\u00e9reo na fronteira do Brasil com o Paraguai e a Bol\u00edvia, al\u00e9m de facilitar o monitoramento de aeronaves voando em baixas altitudes na regi\u00e3o de fronteira e ampliar a capacidade de identifica\u00e7\u00e3o de voos n\u00e3o autorizados, no combate ao tr\u00e1fico de drogas e de armas.<\/p>\n<p>Durante a cerim\u00f4nia, o presidente Jair Bolsonaro ativou a esta\u00e7\u00e3o radar por meio de v\u00eddeos interativos de acionamento do sistema e deu o comando de intercepta\u00e7\u00e3o de uma aeronave il\u00edcita para o piloto do Super Tucano A-29, durante uma a\u00e7\u00e3o simulada para demonstrar a atua\u00e7\u00e3o do sistema.<\/p>\n<p>Bolsonaro tamb\u00e9m pontuou a import\u00e2ncia dos novos equipamentos para o combate ao tr\u00e1fico. \u201cO que estamos inaugurando aqui, ajudar\u00e1 em muito a nossa PF [Pol\u00edcia Federal] e tamb\u00e9m a nossa PRF [Pol\u00edcia Rodovi\u00e1ria Federal] no combate aos il\u00edcitos. Em especial, o tr\u00e1fico de drogas e armas ilegais\u201d. Bolsonaro tamb\u00e9m destacou a atua\u00e7\u00e3o das for\u00e7as policiais que \u201cvem batendo recorde de apreens\u00e3o de drogas e armamento pelo Brasil\u201d, afirmou.<\/p>\n<p><strong>A esta\u00e7\u00e3o<\/strong><\/p>\n<p>A nova esta\u00e7\u00e3o conta com radares prim\u00e1rio e secund\u00e1rio. O prim\u00e1rio faz parte de uma nova gera\u00e7\u00e3o de radares de longo alcance com capacidade para detectar aeronaves cooperativas e n\u00e3o-cooperativas. Tamb\u00e9m identifica alvos com precis\u00e3o, al\u00e9m de ter fun\u00e7\u00f5es de prote\u00e7\u00e3o eletr\u00f4nica que resguardam os radares contra interfer\u00eancias eletromagn\u00e9ticas, sejam elas intencionais ou n\u00e3o. O radar secund\u00e1rio obt\u00e9m informa\u00e7\u00f5es como identifica\u00e7\u00e3o, altitude e velocidade de aeronaves.<\/p>\n<p>A solenidade ainda contou com a presen\u00e7a do Ministro da Defesa, Fernando Azevedo, o Governador de Mato Grosso do Sul, Reinaldo Azambuja, a Ministra da Agricultura, Tereza Cristina, o Ministro-Chefe do Gabinete de Seguran\u00e7a Institucional, Augusto Heleno, a Senadora Soraya Thronicke, o Chefe do Estado Maior da Aeron\u00e1utica, Tenente-Brigadeiro do Ar Carlos Augusto Amaral Oliveira, deputados federais e autoridades civis e militares.<\/p>\n<p>*Com informa\u00e7\u00f5es do Minist\u00e9rio da Defesa<\/p>\n","protected":false},"excerpt":{"rendered":"<p>Equipamentos do local monitoram o espa\u00e7o a\u00e9reo brasileiro e contribuem no combate ao tr\u00e1fico de armas e drogas O Minist\u00e9rio da Defesa, por meio da&#8230;<\/p>\n","protected":false},"author":1182,"featured_media":31142,"comment_status":"closed","ping_status":"closed","sticky":false,"template":"","format":"standard","meta":{"footnotes":""},"categories":[6],"tags":[3684,972,3686,815,2908,536,2835,2437,3683,314,3685],"class_list":["post-31141","post","type-post","status-publish","format-standard","has-post-thumbnail","hentry","category-noticias","tag-corumba","tag-defesa","tag-equipamento","tag-estacao","tag-fab","tag-inauguracao","tag-jair-bolsonaro","tag-mato-grosso-do-sul","tag-ministerio-da-defesa","tag-presidente","tag-radar"],"_links":{"self":[{"href":"https:\/\/www.sincomam.org.br\/index.php\/wp-json\/wp\/v2\/posts\/31141","targetHints":{"allow":["GET"]}}],"collection":[{"href":"https:\/\/www.sincomam.org.br\/index.php\/wp-json\/wp\/v2\/posts"}],"about":[{"href":"https:\/\/www.sincomam.org.br\/index.php\/wp-json\/wp\/v2\/types\/post"}],"author":[{"embeddable":true,"href":"https:\/\/www.sincomam.org.br\/index.php\/wp-json\/wp\/v2\/users\/1182"}],"replies":[{"embeddable":true,"href":"https:\/\/www.sincomam.org.br\/index.php\/wp-json\/wp\/v2\/comments?post=31141"}],"version-history":[{"count":1,"href":"https:\/\/www.sincomam.org.br\/index.php\/wp-json\/wp\/v2\/posts\/31141\/revisions"}],"predecessor-version":[{"id":31143,"href":"https:\/\/www.sincomam.org.br\/index.php\/wp-json\/wp\/v2\/posts\/31141\/revisions\/31143"}],"wp:featuredmedia":[{"embeddable":true,"href":"https:\/\/www.sincomam.org.br\/index.php\/wp-json\/wp\/v2\/media\/31142"}],"wp:attachment":[{"href":"https:\/\/www.sincomam.org.br\/index.php\/wp-json\/wp\/v2\/media?parent=31141"}],"wp:term":[{"taxonomy":"category","embeddable":true,"href":"https:\/\/www.sincomam.org.br\/index.php\/wp-json\/wp\/v2\/categories?post=31141"},{"taxonomy":"post_tag","embeddable":true,"href":"https:\/\/www.sincomam.org.br\/index.php\/wp-json\/wp\/v2\/tags?post=31141"}],"curies":[{"name":"wp","href":"https:\/\/api.w.org\/{rel}","templated":true}]}}