{"id":31135,"date":"2020-08-19T10:07:42","date_gmt":"2020-08-19T13:07:42","guid":{"rendered":"http:\/\/www.sincomam.org.br\/?p=31135"},"modified":"2020-08-19T10:07:42","modified_gmt":"2020-08-19T13:07:42","slug":"parte-dos-trabalhadores-dos-correios-faz-greve-por-tempo-indeterminado","status":"publish","type":"post","link":"https:\/\/www.sincomam.org.br\/index.php\/parte-dos-trabalhadores-dos-correios-faz-greve-por-tempo-indeterminado\/","title":{"rendered":"Parte dos trabalhadores dos Correios faz greve por tempo indeterminado"},"content":{"rendered":"<p><strong><em>Categoria tamb\u00e9m reivindica mais aten\u00e7\u00e3o, por parte da empresa, quanto aos riscos que o novo coronav\u00edrus representa para os empregados<\/em><\/strong><\/p>\n<p>Funcion\u00e1rios dos Correios iniciaram, na noite desta segunda-feira (17), uma greve nacional por tempo indeterminado. Segundo a Federa\u00e7\u00e3o Nacional dos Trabalhadores em Empresas dos Correios e Similares (Fentect), parte dos trabalhadores decidiu cruzar os bra\u00e7os em protesto contra a proposta de privatiza\u00e7\u00e3o da estatal e pela manuten\u00e7\u00e3o de benef\u00edcios trabalhistas.<\/p>\n<p>De acordo com a dire\u00e7\u00e3o da empresa estatal, um primeiro levantamento parcial, realizado na manh\u00e3 de hoje (18), apontou que 83% do efetivo segue trabalhando normalmente, e que a paralisa\u00e7\u00e3o parcial n\u00e3o afeta o atendimento aos clientes. A reportagem n\u00e3o conseguiu contato com representantes da Fentect, que deve divulgar um balan\u00e7o do primeiro dia de paralisa\u00e7\u00e3o \u00e0s 19h de hoje.<\/p>\n<p>Em nota, a federa\u00e7\u00e3o sindical afirma que dirigentes sindicais vinham tentando negociar as reivindica\u00e7\u00f5es dos trabalhadores com a dire\u00e7\u00e3o da empresa desde o in\u00edcio de julho. \u201cNo entanto, al\u00e9m de se negar a negociar, a diretoria surpreendeu a categoria ao revogar o atual Acordo Coletivo de Trabalho (ACT), que estaria em vigor at\u00e9 2021\u201d, sustenta a federa\u00e7\u00e3o, acrescentado que, com a suspens\u00e3o do ACT, 70 cl\u00e1usulas foram revogadas unilateralmente.<\/p>\n<p>De acordo com a Fentect, entre os benef\u00edcios suspensos com a decis\u00e3o da empresa est\u00e3o o vale alimenta\u00e7\u00e3o; aux\u00edlio creche; adicional de risco de 30%; licen\u00e7a maternidade de 180 dias; indeniza\u00e7\u00e3o por morte; aux\u00edlio para filhos com necessidades especiais; pagamento de adicional noturno e horas extras, entre outros.<\/p>\n<p>Os trabalhadores tamb\u00e9m temem pela possibilidade de privatiza\u00e7\u00e3o dos Correios. E lembram que, para minimizar os riscos de cont\u00e1gio pelo novo coronav\u00edrus, tiveram que recorrer \u00e0 Justi\u00e7a a fim de garantir o fornecimento de equipamentos de seguran\u00e7a, alcool em gel, testagem e afastamento dos empregados que fazem parte de algum grupo de risco, bem como daqueles que moram com crian\u00e7as em idade escolar ou com outras pessoas que integram algum grupo de risco.<\/p>\n<p><em>\u201cA dire\u00e7\u00e3o da ECT buscou essa greve. Retirou direitos em plena pandemia e empurrou milhares de trabalhadores a uma greve na pior crise que o pa\u00eds vive\u201d, afirma o secret\u00e1rio-geral da Fentect, Jos\u00e9 Rivaldo da Silva, em nota divulgada pela federa\u00e7\u00e3o. \u201cLutamos pelo justo. Lutamos para que as nossas vidas e empregos sejam preservados.\u201d<\/em><\/p>\n<p><strong>Correios<\/strong><\/p>\n<p>Embora afirme que a paralisa\u00e7\u00e3o n\u00e3o afetou o atendimento nas ag\u00eancias de todo o pa\u00eds, a dire\u00e7\u00e3o da empresa revelou, em nota, ter adotado medidas administrativas para minimizar eventuais preju\u00edzos \u00e0 popula\u00e7\u00e3o, incluindo a realiza\u00e7\u00e3o de mutir\u00f5es.<\/p>\n<p>J\u00e1 sobre o andamento das negocia\u00e7\u00f5es com as entidades sindicais, a dire\u00e7\u00e3o da empresa afirma ter priorizado a sustentabilidade financeira dos Correios, de forma a \u201cretomar seu poder de investimento e sua estabilidade, para se proteger da crise financeira ocasionada pela pandemia\u201d.<\/p>\n<p>De acordo com a empresa, as medidas de conten\u00e7\u00e3o adotadas visam a economizar em torno de R$ 600 milh\u00f5es anuais, enquanto as reivindica\u00e7\u00f5es dos empregados, se integralmente atendidas, significariam um custo adicional da ordem de R$ 1 bilh\u00e3o ao ano. \u201cTrata-se de uma proposta imposs\u00edvel de ser atendida\u201d, afirma a dire\u00e7\u00e3o da empresa, sustentando que nenhum benef\u00edcio previsto no ACT foi retirado. \u201cApenas foram adequados aqueles que extrapolavam a Consolida\u00e7\u00e3o das Leis Trabalhistas CLT) e outras legisla\u00e7\u00f5es, de modo a alinhar a estatal ao que \u00e9 praticado no mercado\u201d.<\/p>\n<p>A dire\u00e7\u00e3o da empresa garante que, por conta da pandemia do novo coronav\u00edrus, autorizou os empregados de grupos de risco, bem como aqueles que coabitam com pessoas nessas condi\u00e7\u00f5es \u2013, a trabalharem de suas casas, \u201csem qualquer perda salarial\u201d.<\/p>\n<p>Fonte: Ag\u00eancia Brasil<\/p>\n","protected":false},"excerpt":{"rendered":"<p>Categoria tamb\u00e9m reivindica mais aten\u00e7\u00e3o, por parte da empresa, quanto aos riscos que o novo coronav\u00edrus representa para os empregados Funcion\u00e1rios dos Correios iniciaram, na&#8230;<\/p>\n","protected":false},"author":1182,"featured_media":31136,"comment_status":"closed","ping_status":"closed","sticky":false,"template":"","format":"standard","meta":{"footnotes":""},"categories":[6],"tags":[3682,2752,990,217,244,1460,2755,3681],"class_list":["post-31135","post","type-post","status-publish","format-standard","has-post-thumbnail","hentry","category-noticias","tag-acordo-coletivo-trabalho","tag-coronavirus","tag-correios","tag-funcionarios","tag-greve","tag-infectados","tag-pandemia","tag-reivindicacao"],"_links":{"self":[{"href":"https:\/\/www.sincomam.org.br\/index.php\/wp-json\/wp\/v2\/posts\/31135","targetHints":{"allow":["GET"]}}],"collection":[{"href":"https:\/\/www.sincomam.org.br\/index.php\/wp-json\/wp\/v2\/posts"}],"about":[{"href":"https:\/\/www.sincomam.org.br\/index.php\/wp-json\/wp\/v2\/types\/post"}],"author":[{"embeddable":true,"href":"https:\/\/www.sincomam.org.br\/index.php\/wp-json\/wp\/v2\/users\/1182"}],"replies":[{"embeddable":true,"href":"https:\/\/www.sincomam.org.br\/index.php\/wp-json\/wp\/v2\/comments?post=31135"}],"version-history":[{"count":1,"href":"https:\/\/www.sincomam.org.br\/index.php\/wp-json\/wp\/v2\/posts\/31135\/revisions"}],"predecessor-version":[{"id":31137,"href":"https:\/\/www.sincomam.org.br\/index.php\/wp-json\/wp\/v2\/posts\/31135\/revisions\/31137"}],"wp:featuredmedia":[{"embeddable":true,"href":"https:\/\/www.sincomam.org.br\/index.php\/wp-json\/wp\/v2\/media\/31136"}],"wp:attachment":[{"href":"https:\/\/www.sincomam.org.br\/index.php\/wp-json\/wp\/v2\/media?parent=31135"}],"wp:term":[{"taxonomy":"category","embeddable":true,"href":"https:\/\/www.sincomam.org.br\/index.php\/wp-json\/wp\/v2\/categories?post=31135"},{"taxonomy":"post_tag","embeddable":true,"href":"https:\/\/www.sincomam.org.br\/index.php\/wp-json\/wp\/v2\/tags?post=31135"}],"curies":[{"name":"wp","href":"https:\/\/api.w.org\/{rel}","templated":true}]}}