{"id":31123,"date":"2020-08-18T10:53:12","date_gmt":"2020-08-18T13:53:12","guid":{"rendered":"http:\/\/www.sincomam.org.br\/?p=31123"},"modified":"2020-08-18T10:58:47","modified_gmt":"2020-08-18T13:58:47","slug":"tornados-e-tempestades-com-granizo-deixam-rastro-de-destruicao-em-sc","status":"publish","type":"post","link":"https:\/\/www.sincomam.org.br\/index.php\/tornados-e-tempestades-com-granizo-deixam-rastro-de-destruicao-em-sc\/","title":{"rendered":"Tornados e tempestades com granizo deixam rastro de destrui\u00e7\u00e3o em SC"},"content":{"rendered":"<p><strong><em>Segundo a Defesa Civil, 16 pessoas ficaram feridas e pelo menos 22 munic\u00edpios foram afetados<\/em><\/strong><\/p>\n<p>Pelo menos 31 munic\u00edpios catarinenses registraram algum dano por temporais causados entre a noite de sexta-feira (14) e a madrugada de s\u00e1bado (15), e seis deles comunicaram o Estado que devem decretar situa\u00e7\u00e3o de emerg\u00eancia. Foram registrados dois tornados, microexplos\u00f5es, granizo e fortes ventos, al\u00e9m de chuva. Uma pessoa morreu e 16 ficaram feridas, segundo relat\u00f3rio divulgado pela Defesa Civil estadual no fim da manh\u00e3 desta segunda (17).<\/p>\n<p>As rajadas de vento atingiram velocidade acima de 100 km\/h e chegaram a derrubar caminh\u00f5es. Segundo a Defesa Civil, ocorreu queda de granizo e chuva forte principalmente nas regi\u00f5es Oeste e Norte catarinense.<\/p>\n<p>De acordo com o informe do \u00f3rg\u00e3o, 848 pessoas est\u00e3o desabrigadas e precisaram sair de casa, 127 tiveram os im\u00f3veis destru\u00eddos. Cerca de 5 mil habita\u00e7\u00f5es em 22 munic\u00edpios foram diretamente afetadas pelos fen\u00f4menos e ao menos 55 im\u00f3veis p\u00fablicos tiveram danos.<\/p>\n<p>Quedas de \u00e1rvores provocaram interrup\u00e7\u00f5es no tr\u00e2nsito em rodovias, e mais de 27 mil unidades consumidoras est\u00e3o sem energia el\u00e9trica conforme dados da concession\u00e1ria at\u00e9 da tarde. A passagem do fen\u00f4meno tamb\u00e9m causou preju\u00edzos no Vale do Itaja\u00ed, Grande Florian\u00f3polis, Litoral e Serra catarinense.<\/p>\n<p>Em pouco mais de dois meses, al\u00e9m desses fen\u00f4menos, Santa Catarina enfrentou uma s\u00e9rie de eventos que causaram preju\u00edzos milion\u00e1rios aos cofres p\u00fablicos, feridos e mortos: tornado no Oeste (10 de junho), &#8220;ciclone bomba&#8221; (30 de junho), chuva com enxurradas e alagamentos (7 de julho).<\/p>\n<p>Fonte: G1 SC \/ Foto: Defesa Civil<\/p>\n","protected":false},"excerpt":{"rendered":"<p>Segundo a Defesa Civil, 16 pessoas ficaram feridas e pelo menos 22 munic\u00edpios foram afetados Pelo menos 31 munic\u00edpios catarinenses registraram algum dano por temporais&#8230;<\/p>\n","protected":false},"author":1182,"featured_media":31124,"comment_status":"closed","ping_status":"closed","sticky":false,"template":"","format":"standard","meta":{"footnotes":""},"categories":[6],"tags":[211,3677,292,3676,3675],"class_list":["post-31123","post","type-post","status-publish","format-standard","has-post-thumbnail","hentry","category-noticias","tag-destruicao","tag-granizo","tag-santa-catarina","tag-tempestades","tag-tornados"],"_links":{"self":[{"href":"https:\/\/www.sincomam.org.br\/index.php\/wp-json\/wp\/v2\/posts\/31123","targetHints":{"allow":["GET"]}}],"collection":[{"href":"https:\/\/www.sincomam.org.br\/index.php\/wp-json\/wp\/v2\/posts"}],"about":[{"href":"https:\/\/www.sincomam.org.br\/index.php\/wp-json\/wp\/v2\/types\/post"}],"author":[{"embeddable":true,"href":"https:\/\/www.sincomam.org.br\/index.php\/wp-json\/wp\/v2\/users\/1182"}],"replies":[{"embeddable":true,"href":"https:\/\/www.sincomam.org.br\/index.php\/wp-json\/wp\/v2\/comments?post=31123"}],"version-history":[{"count":4,"href":"https:\/\/www.sincomam.org.br\/index.php\/wp-json\/wp\/v2\/posts\/31123\/revisions"}],"predecessor-version":[{"id":31128,"href":"https:\/\/www.sincomam.org.br\/index.php\/wp-json\/wp\/v2\/posts\/31123\/revisions\/31128"}],"wp:featuredmedia":[{"embeddable":true,"href":"https:\/\/www.sincomam.org.br\/index.php\/wp-json\/wp\/v2\/media\/31124"}],"wp:attachment":[{"href":"https:\/\/www.sincomam.org.br\/index.php\/wp-json\/wp\/v2\/media?parent=31123"}],"wp:term":[{"taxonomy":"category","embeddable":true,"href":"https:\/\/www.sincomam.org.br\/index.php\/wp-json\/wp\/v2\/categories?post=31123"},{"taxonomy":"post_tag","embeddable":true,"href":"https:\/\/www.sincomam.org.br\/index.php\/wp-json\/wp\/v2\/tags?post=31123"}],"curies":[{"name":"wp","href":"https:\/\/api.w.org\/{rel}","templated":true}]}}