{"id":31116,"date":"2020-08-18T10:02:27","date_gmt":"2020-08-18T13:02:27","guid":{"rendered":"http:\/\/www.sincomam.org.br\/?p=31116"},"modified":"2020-08-18T10:02:27","modified_gmt":"2020-08-18T13:02:27","slug":"maior-termoeletrica-a-gas-natural-da-america-latina-e-inaugurada-em-sergipe","status":"publish","type":"post","link":"https:\/\/www.sincomam.org.br\/index.php\/maior-termoeletrica-a-gas-natural-da-america-latina-e-inaugurada-em-sergipe\/","title":{"rendered":"Maior termoel\u00e9trica a g\u00e1s natural da Am\u00e9rica Latina \u00e9 inaugurada em Sergipe"},"content":{"rendered":"<p><strong><em>Unidade poder\u00e1 atender 16 milh\u00f5es de pessoas<\/em><\/strong><\/p>\n<p>A maior termoel\u00e9trica a g\u00e1s natural da Am\u00e9rica Latina foi inaugurada nesta segunda-feira (17), no munic\u00edpio de Barra dos Coqueiros, em Sergipe. A Usina Termoel\u00e9trica Porto de Sergipe I poder\u00e1 atender 15% da demanda de energia do Nordeste, o equivalente a 16 milh\u00f5es de pessoas. O Presidente Jair Bolsonaro e o ministro de Minas e Energia, Bento Albuquerque, participaram da inaugura\u00e7\u00e3o.<\/p>\n<p>Com pot\u00eancia de 1,5 GW, a usina \u00e9 respons\u00e1vel por converter g\u00e1s natural liquefeito em energia el\u00e9trica. O ministro Bento Albuquerque destacou a import\u00e2ncia da usina para o aumento do uso de energias renov\u00e1veis no pa\u00eds.<\/p>\n<p><em>\u201cA Usina Termoel\u00e9trica Sergipe I \u00e9 a maior usina a g\u00e1s natural da Am\u00e9rica Latina. Sozinha, tem capacidade para atender 16 milh\u00f5es de cidad\u00e3os, s\u00f3 por isso j\u00e1 seria de grande relev\u00e2ncia, entretanto, t\u00e9rmicas como Porto de Sergipe I s\u00e3o extremamente estrat\u00e9gicas para viabilizar o crescimento do parque de energias renov\u00e1veis, exercendo uma atividade como se fosse uma bateria\u201d, disse. <\/em><\/p>\n<p>O g\u00e1s natural usado para a produ\u00e7\u00e3o de energia na usina \u00e9 menos poluente na compara\u00e7\u00e3o com o diesel e o carv\u00e3o. \u201cOs setores el\u00e9trico e de g\u00e1s natural t\u00eam potencial para crescerem juntos de forma sustent\u00e1vel. Chamo a aten\u00e7\u00e3o que o g\u00e1s natural \u00e9 um dos principais combust\u00edveis da transi\u00e7\u00e3o energ\u00e9tica rumo a economia de baixo carbono\u201d, disse o ministro.<\/p>\n<p>A Usina Termoel\u00e9trica Porto de Sergipe I foi constru\u00edda pelas Centrais El\u00e9tricas de Sergipe (Celse) que \u00e9 formada por empresas que venceram um leil\u00e3o de energia para a constru\u00e7\u00e3o da usina.<\/p>\n<p><strong>Nova lei do g\u00e1s <\/strong><\/p>\n<p>O evento acontece \u00e0s v\u00e9speras da vota\u00e7\u00e3o do projeto da Nova Lei do G\u00e1s &#8211; PL 6.407\/13 -, na C\u00e2mara dos Deputados. De acordo com o Minist\u00e9rio de Minas e Energia, a nova lei trar\u00e1 mais seguran\u00e7a jur\u00eddica ao Brasil e poder\u00e1 gerar mais emprego, renda, dinamismo da economia nacional e, consequentemente, impulsionar o crescimento econ\u00f4mico no pa\u00eds no per\u00edodo p\u00f3s-pandemia de Covid-19.<\/p>\n<p><em>\u201cO que estamos construindo s\u00e3o instrumentos de transforma\u00e7\u00e3o no mercado e criando as condi\u00e7\u00f5es para e remo\u00e7\u00e3o de barreiras que dificultam a entrada de novos agentes no setor de g\u00e1s natural no nosso pa\u00eds\u201d, observou o ministro de Minas e Energia, Bento Albuquerque<\/em>.<\/p>\n<p>Estimativas da Confedera\u00e7\u00e3o Nacional da Ind\u00fastria (CNI) apontam que a Nova Lei do G\u00e1s trar\u00e1 investimentos de R$ 60 bilh\u00f5es\/ano, gerando 4,3 milh\u00f5es de empregos nas micro, pequenas, m\u00e9dias e grandes empresas nos pr\u00f3ximos anos.<\/p>\n<p>*Com informa\u00e7\u00f5es do Governo Federal \/ Foto: PR<\/p>\n","protected":false},"excerpt":{"rendered":"<p>Unidade poder\u00e1 atender 16 milh\u00f5es de pessoas A maior termoel\u00e9trica a g\u00e1s natural da Am\u00e9rica Latina foi inaugurada nesta segunda-feira (17), no munic\u00edpio de Barra&#8230;<\/p>\n","protected":false},"author":1182,"featured_media":31117,"comment_status":"closed","ping_status":"closed","sticky":false,"template":"","format":"standard","meta":{"footnotes":""},"categories":[6],"tags":[2272,2505,536,1195,3079],"class_list":["post-31116","post","type-post","status-publish","format-standard","has-post-thumbnail","hentry","category-noticias","tag-america-latina","tag-gas-natural","tag-inauguracao","tag-sergipe","tag-termoeletrica"],"_links":{"self":[{"href":"https:\/\/www.sincomam.org.br\/index.php\/wp-json\/wp\/v2\/posts\/31116","targetHints":{"allow":["GET"]}}],"collection":[{"href":"https:\/\/www.sincomam.org.br\/index.php\/wp-json\/wp\/v2\/posts"}],"about":[{"href":"https:\/\/www.sincomam.org.br\/index.php\/wp-json\/wp\/v2\/types\/post"}],"author":[{"embeddable":true,"href":"https:\/\/www.sincomam.org.br\/index.php\/wp-json\/wp\/v2\/users\/1182"}],"replies":[{"embeddable":true,"href":"https:\/\/www.sincomam.org.br\/index.php\/wp-json\/wp\/v2\/comments?post=31116"}],"version-history":[{"count":1,"href":"https:\/\/www.sincomam.org.br\/index.php\/wp-json\/wp\/v2\/posts\/31116\/revisions"}],"predecessor-version":[{"id":31118,"href":"https:\/\/www.sincomam.org.br\/index.php\/wp-json\/wp\/v2\/posts\/31116\/revisions\/31118"}],"wp:featuredmedia":[{"embeddable":true,"href":"https:\/\/www.sincomam.org.br\/index.php\/wp-json\/wp\/v2\/media\/31117"}],"wp:attachment":[{"href":"https:\/\/www.sincomam.org.br\/index.php\/wp-json\/wp\/v2\/media?parent=31116"}],"wp:term":[{"taxonomy":"category","embeddable":true,"href":"https:\/\/www.sincomam.org.br\/index.php\/wp-json\/wp\/v2\/categories?post=31116"},{"taxonomy":"post_tag","embeddable":true,"href":"https:\/\/www.sincomam.org.br\/index.php\/wp-json\/wp\/v2\/tags?post=31116"}],"curies":[{"name":"wp","href":"https:\/\/api.w.org\/{rel}","templated":true}]}}