{"id":31102,"date":"2020-08-17T12:02:03","date_gmt":"2020-08-17T15:02:03","guid":{"rendered":"http:\/\/www.sincomam.org.br\/?p=31102"},"modified":"2020-08-17T16:29:44","modified_gmt":"2020-08-17T19:29:44","slug":"petrobras-anuncia-venda-de-campos-terrestres-no-ceara","status":"publish","type":"post","link":"https:\/\/www.sincomam.org.br\/index.php\/petrobras-anuncia-venda-de-campos-terrestres-no-ceara\/","title":{"rendered":"Petrobras divulga a venda de campos terrestres no Cear\u00e1"},"content":{"rendered":"<p><strong><em>A\u00e7\u00e3o da estatal tem objetivo de concentrar seus recursos em \u00e1guas profundas e ultra profundas<\/em><\/strong><\/p>\n<p>A Petrobras informou que assinou com a SPE Fazenda Bel\u00e9m S.A., subsidi\u00e1ria integral da 3R Petroleum e Participa\u00e7\u00f5es S.A., contrato para a venda da totalidade de sua participa\u00e7\u00e3o nos campos terrestres de Fazenda Bel\u00e9m e Icapu\u00ed, denominado Polo Fazenda Bel\u00e9m, localizados na Bacia Potiguar, no Cear\u00e1.<\/p>\n<p>O valor da venda \u00e9 de US$ 35,2 milh\u00f5es, sendo (i) US$ 8,8 milh\u00f5es pagos hoje; (ii) US$ 16,4 milh\u00f5es no fechamento da transa\u00e7\u00e3o e; (iii) US$ 10 milh\u00f5es que ser\u00e3o pagos em doze meses ap\u00f3s o fechamento da transa\u00e7\u00e3o.<\/p>\n<p>Segundo a estatal, os valores n\u00e3o consideram os ajustes devidos e est\u00e3o sujeitos ao cumprimento de condi\u00e7\u00f5es precedentes, tais como a aprova\u00e7\u00e3o pela Ag\u00eancia Nacional do Petr\u00f3leo, G\u00e1s Natural e Biocombust\u00edveis (ANP).<\/p>\n<p><em>\u201cA presente divulga\u00e7\u00e3o est\u00e1 de acordo com as normas internas da Petrobras e com as disposi\u00e7\u00f5es do procedimento especial de cess\u00e3o de direitos de explora\u00e7\u00e3o, desenvolvimento e produ\u00e7\u00e3o de petr\u00f3leo, g\u00e1s natural e outros hidrocarbonetos fluidos, previsto no Decreto 9.355\/2018\u201d, acrescentou a companhia em comunicado.<\/em><\/p>\n<p><strong>Polo Fazenda Bel\u00e9m<\/strong><\/p>\n<p>O Polo compreende os campos terrestres de Fazenda Bel\u00e9m e Icapu\u00ed, localizados no estado do Cear\u00e1, onde a Petrobras \u00e9 detentora de 100% de participa\u00e7\u00e3o. A produ\u00e7\u00e3o m\u00e9dia do Polo de janeiro a junho de 2020 foi de aproximadamente 803 barris de \u00f3leo por dia (bpd).<\/p>\n","protected":false},"excerpt":{"rendered":"<p>A\u00e7\u00e3o da estatal tem objetivo de concentrar seus recursos em \u00e1guas profundas e ultra profundas A Petrobras informou que assinou com a SPE Fazenda Bel\u00e9m&#8230;<\/p>\n","protected":false},"author":1182,"featured_media":28309,"comment_status":"closed","ping_status":"closed","sticky":false,"template":"","format":"standard","meta":{"footnotes":""},"categories":[6],"tags":[53,175,58,3673,71],"class_list":["post-31102","post","type-post","status-publish","format-standard","has-post-thumbnail","hentry","category-noticias","tag-campo","tag-ceara","tag-petrobras","tag-terrestre","tag-venda"],"_links":{"self":[{"href":"https:\/\/www.sincomam.org.br\/index.php\/wp-json\/wp\/v2\/posts\/31102","targetHints":{"allow":["GET"]}}],"collection":[{"href":"https:\/\/www.sincomam.org.br\/index.php\/wp-json\/wp\/v2\/posts"}],"about":[{"href":"https:\/\/www.sincomam.org.br\/index.php\/wp-json\/wp\/v2\/types\/post"}],"author":[{"embeddable":true,"href":"https:\/\/www.sincomam.org.br\/index.php\/wp-json\/wp\/v2\/users\/1182"}],"replies":[{"embeddable":true,"href":"https:\/\/www.sincomam.org.br\/index.php\/wp-json\/wp\/v2\/comments?post=31102"}],"version-history":[{"count":2,"href":"https:\/\/www.sincomam.org.br\/index.php\/wp-json\/wp\/v2\/posts\/31102\/revisions"}],"predecessor-version":[{"id":31105,"href":"https:\/\/www.sincomam.org.br\/index.php\/wp-json\/wp\/v2\/posts\/31102\/revisions\/31105"}],"wp:featuredmedia":[{"embeddable":true,"href":"https:\/\/www.sincomam.org.br\/index.php\/wp-json\/wp\/v2\/media\/28309"}],"wp:attachment":[{"href":"https:\/\/www.sincomam.org.br\/index.php\/wp-json\/wp\/v2\/media?parent=31102"}],"wp:term":[{"taxonomy":"category","embeddable":true,"href":"https:\/\/www.sincomam.org.br\/index.php\/wp-json\/wp\/v2\/categories?post=31102"},{"taxonomy":"post_tag","embeddable":true,"href":"https:\/\/www.sincomam.org.br\/index.php\/wp-json\/wp\/v2\/tags?post=31102"}],"curies":[{"name":"wp","href":"https:\/\/api.w.org\/{rel}","templated":true}]}}