{"id":31099,"date":"2020-08-12T09:36:51","date_gmt":"2020-08-12T12:36:51","guid":{"rendered":"http:\/\/www.sincomam.org.br\/?p=31099"},"modified":"2020-08-17T11:54:22","modified_gmt":"2020-08-17T14:54:22","slug":"bolsonaro-assina-novo-marco-do-transporte-maritimo-costeiro","status":"publish","type":"post","link":"https:\/\/www.sincomam.org.br\/index.php\/bolsonaro-assina-novo-marco-do-transporte-maritimo-costeiro\/","title":{"rendered":"Bolsonaro assina novo marco do transporte mar\u00edtimo costeiro"},"content":{"rendered":"<p><strong><em>Legisla\u00e7\u00e3o \u00e9 mais uma aposta do governo para destravar investimentos no p\u00f3s-pandemia, ao lado de saneamento, g\u00e1s, petr\u00f3leo e energia<\/em><\/strong><\/p>\n<p>O presidente Jair Bolsonaro assinou nesta ter\u00e7a-feira (11), ao lado do ministro da Infraestrutura, Tarc\u00edsio Gomes de Freitas, e do ministro da Economia, Paulo Guedes, o projeto de lei da cabotagem, ou navega\u00e7\u00e3o costeira.<\/p>\n<p>O projeto vai instituir o &#8220;BR do Mar&#8221; e \u00e9 uma das a\u00e7\u00f5es do plano Pr\u00f3-Brasil do governo federal, no chamado eixo Ordem. O BR do Mar deve contribuir para a atra\u00e7\u00e3o de R$ 1 trilh\u00e3o de investimentos privados em 10 anos, segundo estimativas do governo.<\/p>\n<p>Na semana passada, o ministro adiantou que a pasta preparava o lan\u00e7amento de um programa para impulsionar a cabotagem no Brasil, setor que cresce no governo Bolsonaro e que, segundo ele, tem potencial para &#8220;dar salto de mais de 30% ao ano com medidas de desburocratiza\u00e7\u00e3o e fomento \u00e0 atividade&#8221;.<\/p>\n<p>A cabotagem \u00e9 vista como uma alternativa ao transporte rodovi\u00e1rio e tem potencial no Brasil em fun\u00e7\u00e3o da extens\u00e3o da costa. O projeto deve alterar a legisla\u00e7\u00e3o para atrair investimentos privados no setor e faz parte do plano de Paulo Guedes para destravar a economia no p\u00f3s-pandemia, al\u00e9m do j\u00e1 aprovado no marco do saneamento, o PL do g\u00e1s, que teve urg\u00eancia aprovada na C\u00e2mara, e os novo marco do setor el\u00e9trico e do petr\u00f3leo.<\/p>\n<p>Fonte: R 7 \/Planalto<\/p>\n","protected":false},"excerpt":{"rendered":"<p>Legisla\u00e7\u00e3o \u00e9 mais uma aposta do governo para destravar investimentos no p\u00f3s-pandemia, ao lado de saneamento, g\u00e1s, petr\u00f3leo e energia O presidente Jair Bolsonaro assinou&#8230;<\/p>\n","protected":false},"author":1182,"featured_media":31100,"comment_status":"closed","ping_status":"closed","sticky":false,"template":"","format":"standard","meta":{"footnotes":""},"categories":[6],"tags":[1084,3196,3561,82,3672,132,3671,1001,886,729,367],"class_list":["post-31099","post","type-post","status-publish","format-standard","has-post-thumbnail","hentry","category-noticias","tag-assinatura","tag-bolsonaro","tag-br-do-mar","tag-cabotagem","tag-costeira","tag-investimento","tag-legislaao","tag-lei","tag-navegacao","tag-petroleo-e-gas","tag-projeto"],"_links":{"self":[{"href":"https:\/\/www.sincomam.org.br\/index.php\/wp-json\/wp\/v2\/posts\/31099","targetHints":{"allow":["GET"]}}],"collection":[{"href":"https:\/\/www.sincomam.org.br\/index.php\/wp-json\/wp\/v2\/posts"}],"about":[{"href":"https:\/\/www.sincomam.org.br\/index.php\/wp-json\/wp\/v2\/types\/post"}],"author":[{"embeddable":true,"href":"https:\/\/www.sincomam.org.br\/index.php\/wp-json\/wp\/v2\/users\/1182"}],"replies":[{"embeddable":true,"href":"https:\/\/www.sincomam.org.br\/index.php\/wp-json\/wp\/v2\/comments?post=31099"}],"version-history":[{"count":1,"href":"https:\/\/www.sincomam.org.br\/index.php\/wp-json\/wp\/v2\/posts\/31099\/revisions"}],"predecessor-version":[{"id":31101,"href":"https:\/\/www.sincomam.org.br\/index.php\/wp-json\/wp\/v2\/posts\/31099\/revisions\/31101"}],"wp:featuredmedia":[{"embeddable":true,"href":"https:\/\/www.sincomam.org.br\/index.php\/wp-json\/wp\/v2\/media\/31100"}],"wp:attachment":[{"href":"https:\/\/www.sincomam.org.br\/index.php\/wp-json\/wp\/v2\/media?parent=31099"}],"wp:term":[{"taxonomy":"category","embeddable":true,"href":"https:\/\/www.sincomam.org.br\/index.php\/wp-json\/wp\/v2\/categories?post=31099"},{"taxonomy":"post_tag","embeddable":true,"href":"https:\/\/www.sincomam.org.br\/index.php\/wp-json\/wp\/v2\/tags?post=31099"}],"curies":[{"name":"wp","href":"https:\/\/api.w.org\/{rel}","templated":true}]}}