{"id":31068,"date":"2020-08-14T11:21:08","date_gmt":"2020-08-14T14:21:08","guid":{"rendered":"http:\/\/www.sincomam.org.br\/?p=31068"},"modified":"2020-08-14T11:23:58","modified_gmt":"2020-08-14T14:23:58","slug":"sindrome-associada-a-covid-19-tem-tres-mortes-entre-criancas-e-71-casos-no-brasil","status":"publish","type":"post","link":"https:\/\/www.sincomam.org.br\/index.php\/sindrome-associada-a-covid-19-tem-tres-mortes-entre-criancas-e-71-casos-no-brasil\/","title":{"rendered":"S\u00edndrome associada \u00e0 Covid-19 em crian\u00e7as tem tr\u00eas mortes e 71 casos no Brasil"},"content":{"rendered":"<p><strong><em>S\u00edndrome foi diagnosticada ap\u00f3s a infec\u00e7\u00e3o por coronav\u00edrus; Sociedade Brasileira de Pediatria faz alerta<\/em><\/strong><\/p>\n<p>A Sociedade Brasileira de Pediatria (SBP) divulgou um alerta sobre a notifica\u00e7\u00e3o de casos de uma nova s\u00edndrome inflamat\u00f3ria registrada em crian\u00e7as em adolescentes, em v\u00e1rios pa\u00edses do mundo. A doen\u00e7a pode ter rela\u00e7\u00e3o com a Covid-19.<\/p>\n<p>No Brasil, o Minist\u00e9rio da Sa\u00fade confirmou 71 casos e tr\u00eas mortes at\u00e9 julho. Os casos foram notificados em quatro estados: no Cear\u00e1 (29), Par\u00e1 (18), Piau\u00ed (2) e Rio de Janeiro (22), onde ocorreram os tr\u00eas \u00f3bitos. Pa\u00edses como Espanha, Fran\u00e7a, It\u00e1lia, Canad\u00e1 e Estados Unidos tamb\u00e9m identificaram casos em crian\u00e7as e adolescentes. No mundo, h\u00e1 relatos de mais de 300 casos.<\/p>\n<p>Segundo o Minist\u00e9rio da Sa\u00fade, a maioria dos casos j\u00e1 relatados apresentou exames laboratoriais que indicaram infec\u00e7\u00e3o atual ou recente pela Covid-19, mas a rela\u00e7\u00e3o definitiva da s\u00edndrome com o coronav\u00edrus ainda n\u00e3o est\u00e1 comprovada.<\/p>\n<p>A s\u00edndrome inflamat\u00f3ria multissist\u00eamica pedi\u00e1trica (SIM-P) ocorre em dias a semanas ap\u00f3s a infec\u00e7\u00e3o por Covid-19 e \u00e9 caracterizada por febre alta e persistente em crian\u00e7as e adolescentes at\u00e9 19 anos, les\u00f5es de pele nas extremidades, les\u00f5es na boca.<\/p>\n<p><strong>Sintomas<\/strong><\/p>\n<p>Al\u00e9m da febre elevada e persistente, o paciente pode apresentar pelo menos dois dos seguintes sintomas ou sinais:<\/p>\n<ul>\n<li>Conjuntivite;<\/li>\n<li>Sinais de inflama\u00e7\u00e3o na boca, m\u00e3os ou p\u00e9s;<\/li>\n<li>Hipotens\u00e3o arterial ou choque;<\/li>\n<li>Manifesta\u00e7\u00f5es de disfun\u00e7\u00e3o mioc\u00e1rdica, pericardite, valvulite ou anormalidades coronarianas;<\/li>\n<li>Manifesta\u00e7\u00f5es gastrointestinais agudas;<\/li>\n<\/ul>\n<p>Fonte: G1<\/p>\n<p><a href=\"https:\/\/www.sbp.com.br\/fileadmin\/user_upload\/22682b-NA_-_NotificacaoObrigatoria_no_MS_dos_SIM-Covid19.pdf\" target=\"_blank\" rel=\"noopener noreferrer\"><strong>Acesse aqui o documento divulgado pela Sociedade Brasileira de Pediatria.<\/strong><\/a><\/p>\n","protected":false},"excerpt":{"rendered":"<p>S\u00edndrome foi diagnosticada ap\u00f3s a infec\u00e7\u00e3o por coronav\u00edrus; Sociedade Brasileira de Pediatria faz alerta A Sociedade Brasileira de Pediatria (SBP) divulgou um alerta sobre a&#8230;<\/p>\n","protected":false},"author":1182,"featured_media":30564,"comment_status":"closed","ping_status":"closed","sticky":false,"template":"","format":"standard","meta":{"footnotes":""},"categories":[6],"tags":[2751,3652,295,1458,3448,3444,3654,3447,3098],"class_list":["post-31068","post","type-post","status-publish","format-standard","has-post-thumbnail","hentry","category-noticias","tag-covid-19","tag-crianca","tag-documento","tag-doenca","tag-inflamatoria","tag-rara","tag-sbp","tag-sindrome","tag-sintomas"],"_links":{"self":[{"href":"https:\/\/www.sincomam.org.br\/index.php\/wp-json\/wp\/v2\/posts\/31068","targetHints":{"allow":["GET"]}}],"collection":[{"href":"https:\/\/www.sincomam.org.br\/index.php\/wp-json\/wp\/v2\/posts"}],"about":[{"href":"https:\/\/www.sincomam.org.br\/index.php\/wp-json\/wp\/v2\/types\/post"}],"author":[{"embeddable":true,"href":"https:\/\/www.sincomam.org.br\/index.php\/wp-json\/wp\/v2\/users\/1182"}],"replies":[{"embeddable":true,"href":"https:\/\/www.sincomam.org.br\/index.php\/wp-json\/wp\/v2\/comments?post=31068"}],"version-history":[{"count":2,"href":"https:\/\/www.sincomam.org.br\/index.php\/wp-json\/wp\/v2\/posts\/31068\/revisions"}],"predecessor-version":[{"id":31071,"href":"https:\/\/www.sincomam.org.br\/index.php\/wp-json\/wp\/v2\/posts\/31068\/revisions\/31071"}],"wp:featuredmedia":[{"embeddable":true,"href":"https:\/\/www.sincomam.org.br\/index.php\/wp-json\/wp\/v2\/media\/30564"}],"wp:attachment":[{"href":"https:\/\/www.sincomam.org.br\/index.php\/wp-json\/wp\/v2\/media?parent=31068"}],"wp:term":[{"taxonomy":"category","embeddable":true,"href":"https:\/\/www.sincomam.org.br\/index.php\/wp-json\/wp\/v2\/categories?post=31068"},{"taxonomy":"post_tag","embeddable":true,"href":"https:\/\/www.sincomam.org.br\/index.php\/wp-json\/wp\/v2\/tags?post=31068"}],"curies":[{"name":"wp","href":"https:\/\/api.w.org\/{rel}","templated":true}]}}