{"id":31063,"date":"2020-08-14T10:59:03","date_gmt":"2020-08-14T13:59:03","guid":{"rendered":"http:\/\/www.sincomam.org.br\/?p=31063"},"modified":"2020-08-14T10:59:03","modified_gmt":"2020-08-14T13:59:03","slug":"navio-de-apoio-oceanico-mearim-realiza-inspecao-naval-em-fronteira-maritima","status":"publish","type":"post","link":"https:\/\/www.sincomam.org.br\/index.php\/navio-de-apoio-oceanico-mearim-realiza-inspecao-naval-em-fronteira-maritima\/","title":{"rendered":"Navio de Apoio Oce\u00e2nico \u201cMearim\u201d realiza inspe\u00e7\u00e3o naval em fronteira mar\u00edtima"},"content":{"rendered":"<p>A Marinha do Brasil comunicou que o Navio de Apoio Oce\u00e2nico NApOc \u201cMearim\u201d realizou a\u00e7\u00f5es de presen\u00e7a e inspe\u00e7\u00e3o naval na fronteira mar\u00edtima no Chu\u00ed-RS.<\/p>\n<p>As a\u00e7\u00f5es contribu\u00edram para a fiscaliza\u00e7\u00e3o da seguran\u00e7a da navega\u00e7\u00e3o, a salvaguarda da vida humana no mar e a preven\u00e7\u00e3o da polui\u00e7\u00e3o h\u00eddrica, e foram executadas em coordena\u00e7\u00e3o com um navio da Armada Uruguaia, a Fragata ROU01 Uruguay, que tamb\u00e9m efetuou atividades semelhantes no lado uruguaio.<\/p>\n<p><em>\u201cAs a\u00e7\u00f5es conjuntas com Marinhas amigas, como a Uruguaia, proporcionam o interc\u00e2mbio de informa\u00e7\u00f5es e capacita\u00e7\u00f5es de militares, al\u00e9m de contribuir para as rela\u00e7\u00f5es diplom\u00e1ticas entre os dois pa\u00edses\u201d, informou a Marinha brasileira em nota. <\/em><\/p>\n<p><strong>Opera\u00e7\u00e3o<\/strong><\/p>\n<p>O NApOc \u201cMearim\u201d realizou, tamb\u00e9m, no regresso, exerc\u00edcios de opera\u00e7\u00f5es a\u00e9reas, pick up e vertrep, com a participa\u00e7\u00e3o da aeronave 7050, pertencente ao 1\u00b0 Esquadr\u00e3o de Helic\u00f3pteros de Emprego Geral do Sul (EsqdHU-51). O exerc\u00edcio ocorreu em proveito da manuten\u00e7\u00e3o da qualifica\u00e7\u00e3o das tripula\u00e7\u00f5es do navio e do Esquadr\u00e3o, nas referidas manobras, mantendo continuamente elevado o grau de prontid\u00e3o dos meios navais e aeronavais empregados na jurisdi\u00e7\u00e3o do Comando do 5\u00ba Distrito Naval.<\/p>\n<p>*Com informa\u00e7\u00f5es da MB<\/p>\n","protected":false},"excerpt":{"rendered":"<p>A Marinha do Brasil comunicou que o Navio de Apoio Oce\u00e2nico NApOc \u201cMearim\u201d realizou a\u00e7\u00f5es de presen\u00e7a e inspe\u00e7\u00e3o naval na fronteira mar\u00edtima no Chu\u00ed-RS&#8230;.<\/p>\n","protected":false},"author":1182,"featured_media":31064,"comment_status":"closed","ping_status":"closed","sticky":false,"template":"","format":"standard","meta":{"footnotes":""},"categories":[6],"tags":[606,748,3349,15,1013,1536,3599,47,3001,377],"class_list":["post-31063","post","type-post","status-publish","format-standard","has-post-thumbnail","hentry","category-noticias","tag-acao","tag-apoio","tag-fronteira","tag-marinha","tag-marinha-do-brasil","tag-maritima","tag-mearim","tag-navio","tag-oceanico","tag-operacao"],"_links":{"self":[{"href":"https:\/\/www.sincomam.org.br\/index.php\/wp-json\/wp\/v2\/posts\/31063","targetHints":{"allow":["GET"]}}],"collection":[{"href":"https:\/\/www.sincomam.org.br\/index.php\/wp-json\/wp\/v2\/posts"}],"about":[{"href":"https:\/\/www.sincomam.org.br\/index.php\/wp-json\/wp\/v2\/types\/post"}],"author":[{"embeddable":true,"href":"https:\/\/www.sincomam.org.br\/index.php\/wp-json\/wp\/v2\/users\/1182"}],"replies":[{"embeddable":true,"href":"https:\/\/www.sincomam.org.br\/index.php\/wp-json\/wp\/v2\/comments?post=31063"}],"version-history":[{"count":1,"href":"https:\/\/www.sincomam.org.br\/index.php\/wp-json\/wp\/v2\/posts\/31063\/revisions"}],"predecessor-version":[{"id":31065,"href":"https:\/\/www.sincomam.org.br\/index.php\/wp-json\/wp\/v2\/posts\/31063\/revisions\/31065"}],"wp:featuredmedia":[{"embeddable":true,"href":"https:\/\/www.sincomam.org.br\/index.php\/wp-json\/wp\/v2\/media\/31064"}],"wp:attachment":[{"href":"https:\/\/www.sincomam.org.br\/index.php\/wp-json\/wp\/v2\/media?parent=31063"}],"wp:term":[{"taxonomy":"category","embeddable":true,"href":"https:\/\/www.sincomam.org.br\/index.php\/wp-json\/wp\/v2\/categories?post=31063"},{"taxonomy":"post_tag","embeddable":true,"href":"https:\/\/www.sincomam.org.br\/index.php\/wp-json\/wp\/v2\/tags?post=31063"}],"curies":[{"name":"wp","href":"https:\/\/api.w.org\/{rel}","templated":true}]}}