{"id":31060,"date":"2020-08-14T10:44:50","date_gmt":"2020-08-14T13:44:50","guid":{"rendered":"http:\/\/www.sincomam.org.br\/?p=31060"},"modified":"2020-08-14T11:29:14","modified_gmt":"2020-08-14T14:29:14","slug":"brasil-registra-60-mil-novos-casos-de-pessoas-infectadas-e-ultrapassa-105-mil-mortes-por-covid-19","status":"publish","type":"post","link":"https:\/\/www.sincomam.org.br\/index.php\/brasil-registra-60-mil-novos-casos-de-pessoas-infectadas-e-ultrapassa-105-mil-mortes-por-covid-19\/","title":{"rendered":"Brasil registra 60 mil novos casos de pessoas infectadas e ultrapassa 105 mil mortes por Covid-19"},"content":{"rendered":"<p><strong><em>Segundo o Minist\u00e9rio da Sa\u00fade, 2.356.640 brasileiros conseguiram a recupera\u00e7\u00e3o da doen\u00e7a<\/em><\/strong><\/p>\n<p>De acordo com o \u00faltimo Boletim Epidemiol\u00f3gico da Covid-19, divulgado ontem \u00e0 noite (13) pelo Minist\u00e9rio da Sa\u00fade, o Brasil contabiliza 60.091 novos casos de covid-19. A soma de \u00f3bitos desde o in\u00edcio da pandemia chegou a 105.463.<\/p>\n<p>J\u00e1 os casos confirmados da doen\u00e7a em todo o pa\u00eds totalizam 3.224.876. De acordo com o \u00faltimo boletim epidemiol\u00f3gico, a curva de casos tamb\u00e9m segue em estabiliza\u00e7\u00e3o, e a taxa de letalidade ficou em 3,3%. At\u00e9 o momento, 2.356.640 pessoas se recuperaram do novo coronav\u00edrus, e restam 762.773 pacientes em acompanhamento.<\/p>\n<p><strong>Covid-19 nos estados<\/strong><\/p>\n<p style=\"text-align: left;\">Os estados com mais mortes por covid-19 s\u00e3o: S\u00e3o Paulo (26.324), Rio de Janeiro (14.412), Cear\u00e1 (8.088) e Par\u00e1 (5.917). As Unidades da Federa\u00e7\u00e3o com menos \u00f3bitos s\u00e3o Tocantins (493), Roraima (561), Mato Grosso do Sul (570), Acre (574) e Amap\u00e1 (609).<a href=\"https:\/\/www.sincomam.org.br\/wp-content\/uploads\/2020\/08\/boletim-covid-19-14-08-20.jpeg\"><img fetchpriority=\"high\" decoding=\"async\" class=\"aligncenter size-full wp-image-31061\" src=\"https:\/\/www.sincomam.org.br\/wp-content\/uploads\/2020\/08\/boletim-covid-19-14-08-20.jpeg\" alt=\"\" width=\"754\" height=\"422\" srcset=\"https:\/\/www.sincomam.org.br\/wp-content\/uploads\/2020\/08\/boletim-covid-19-14-08-20.jpeg 754w, https:\/\/www.sincomam.org.br\/wp-content\/uploads\/2020\/08\/boletim-covid-19-14-08-20-300x168.jpeg 300w\" sizes=\"(max-width: 754px) 100vw, 754px\" \/><\/a><\/p>\n<p><em>O SINCOMAM informa que toda sexta-feira \u00e9 publicado os dados sobre o total de infectados e mortos por Covid-19 no Brasil, conforme o boletim do Minist\u00e9rio da Sa\u00fade.<\/em><\/p>\n<p><strong>Leia tamb\u00e9m: <\/strong><a href=\"https:\/\/www.sincomam.org.br\/index.php\/sindrome-associada-a-covid-19-tem-tres-mortes-entre-criancas-e-71-casos-no-brasil\/\" target=\"_blank\" rel=\"noopener noreferrer\"><strong>S\u00edndrome associada \u00e0 COVID-19 em crian\u00e7as tem tr\u00eas mortes e 71 casos no Brasil<\/strong><\/a><\/p>\n","protected":false},"excerpt":{"rendered":"<p>Segundo o Minist\u00e9rio da Sa\u00fade, 2.356.640 brasileiros conseguiram a recupera\u00e7\u00e3o da doen\u00e7a De acordo com o \u00faltimo Boletim Epidemiol\u00f3gico da Covid-19, divulgado ontem \u00e0 noite&#8230;<\/p>\n","protected":false},"author":1182,"featured_media":29104,"comment_status":"closed","ping_status":"closed","sticky":false,"template":"","format":"standard","meta":{"footnotes":""},"categories":[6],"tags":[3451,2778,2752,2751,1460,3569,1005,3095,1375,918,59,366],"class_list":["post-31060","post","type-post","status-publish","format-standard","has-post-thumbnail","hentry","category-noticias","tag-boletim","tag-casos","tag-coronavirus","tag-covid-19","tag-infectados","tag-ministerio-da-saude","tag-mortes","tag-novos","tag-populacao","tag-recuperacao","tag-rio-de-janeiro","tag-sao-paulo"],"_links":{"self":[{"href":"https:\/\/www.sincomam.org.br\/index.php\/wp-json\/wp\/v2\/posts\/31060","targetHints":{"allow":["GET"]}}],"collection":[{"href":"https:\/\/www.sincomam.org.br\/index.php\/wp-json\/wp\/v2\/posts"}],"about":[{"href":"https:\/\/www.sincomam.org.br\/index.php\/wp-json\/wp\/v2\/types\/post"}],"author":[{"embeddable":true,"href":"https:\/\/www.sincomam.org.br\/index.php\/wp-json\/wp\/v2\/users\/1182"}],"replies":[{"embeddable":true,"href":"https:\/\/www.sincomam.org.br\/index.php\/wp-json\/wp\/v2\/comments?post=31060"}],"version-history":[{"count":5,"href":"https:\/\/www.sincomam.org.br\/index.php\/wp-json\/wp\/v2\/posts\/31060\/revisions"}],"predecessor-version":[{"id":31072,"href":"https:\/\/www.sincomam.org.br\/index.php\/wp-json\/wp\/v2\/posts\/31060\/revisions\/31072"}],"wp:featuredmedia":[{"embeddable":true,"href":"https:\/\/www.sincomam.org.br\/index.php\/wp-json\/wp\/v2\/media\/29104"}],"wp:attachment":[{"href":"https:\/\/www.sincomam.org.br\/index.php\/wp-json\/wp\/v2\/media?parent=31060"}],"wp:term":[{"taxonomy":"category","embeddable":true,"href":"https:\/\/www.sincomam.org.br\/index.php\/wp-json\/wp\/v2\/categories?post=31060"},{"taxonomy":"post_tag","embeddable":true,"href":"https:\/\/www.sincomam.org.br\/index.php\/wp-json\/wp\/v2\/tags?post=31060"}],"curies":[{"name":"wp","href":"https:\/\/api.w.org\/{rel}","templated":true}]}}