{"id":31055,"date":"2020-08-14T10:10:30","date_gmt":"2020-08-14T13:10:30","guid":{"rendered":"http:\/\/www.sincomam.org.br\/?p=31055"},"modified":"2020-08-14T10:11:00","modified_gmt":"2020-08-14T13:11:00","slug":"planos-de-saude-vao-cobrir-exames-para-deteccao-do-novo-coronavirus","status":"publish","type":"post","link":"https:\/\/www.sincomam.org.br\/index.php\/planos-de-saude-vao-cobrir-exames-para-deteccao-do-novo-coronavirus\/","title":{"rendered":"Planos de sa\u00fade v\u00e3o cobrir exames para detec\u00e7\u00e3o do novo coronav\u00edrus"},"content":{"rendered":"<p><strong><em>A medida foi publicada hoje no Di\u00e1rio Oficial<\/em><\/strong><\/p>\n<p>Os planos de sa\u00fade est\u00e3o obrigados, a partir de hoje (14), a cobrir exames para detec\u00e7\u00e3o do novo coronav\u00edrus (SARS-CoV-2), que provoca a covid-19. A decis\u00e3o, tomada ontem pela diretoria colegiada da Ag\u00eancia Nacional de Sa\u00fade Suplementar, prev\u00ea a cobertura para a pesquisa de anticorpos IgC ou anticorpos totais e foi publicada hoje no Di\u00e1rio Oficial da Uni\u00e3o.<\/p>\n<p>Os exames poder\u00e3o ser feitos nos pacientes com s\u00edndrome gripal ou s\u00edndrome respirat\u00f3ria aguda grave (SRAG) a partir do oitavo dia do in\u00edcio dos sintomas e tamb\u00e9m para crian\u00e7as ou adolescentes com quadro suspeito de <a href=\"https:\/\/www.sincomam.org.br\/index.php\/covid-19-brasil-registra-casos-de-sindrome-rara-que-acomete-criancas\/\" target=\"_blank\" rel=\"noopener noreferrer\"><strong>S\u00edndrome Multissist\u00eamica Inflamat\u00f3ria<\/strong><\/a> p\u00f3s-infec\u00e7\u00e3o pelo novo coronav\u00edrus.<\/p>\n<p>Os planos de sa\u00fade, no entanto, n\u00e3o est\u00e3o obrigados a cobrir os testes nos seguintes casos: RT-PCR pr\u00e9vio positivo para Sars-Cov-2; pacientes que j\u00e1 tenham realizado o teste sorol\u00f3gico, com resultado positivo; pacientes que tenham realizado o teste sorol\u00f3gico, com resultado negativo, h\u00e1 menos de uma semana; para testes r\u00e1pidos; pacientes cuja prescri\u00e7\u00e3o tem finalidade de screening, retorno ao trabalho, pr\u00e9-operat\u00f3rio, controle de cura ou contato pr\u00f3ximo\/domiciliar com caso confirmado; e para verifica\u00e7\u00e3o de imunidade p\u00f3s vacinal.<\/p>\n<p>Fonte: Ag\u00eancia Brasil<\/p>\n<p><strong>Leia tamb\u00e9m: <\/strong><\/p>\n<p><a href=\"https:\/\/www.sincomam.org.br\/index.php\/ans-faz-acordo-para-melhorar-atendimento-de-planos-coletivos-de-saude\/\" target=\"_blank\" rel=\"noopener noreferrer\"><strong>ANS faz acordo para melhorar atendimento de planos coletivos de sa\u00fade<\/strong><\/a><\/p>\n<p><a href=\"https:\/\/www.sincomam.org.br\/index.php\/doenca-nova-causada-por-covid-19-em-criancas-nao-e-a-de-kawasaki-diz-estudo\/\" target=\"_blank\" rel=\"noopener noreferrer\"><strong>Doen\u00e7a nova causada por COVID-19 em crian\u00e7as n\u00e3o \u00e9 a de Kawasaki, diz estudo<\/strong><\/a><\/p>\n","protected":false},"excerpt":{"rendered":"<p>A medida foi publicada hoje no Di\u00e1rio Oficial Os planos de sa\u00fade est\u00e3o obrigados, a partir de hoje (14), a cobrir exames para detec\u00e7\u00e3o do&#8230;<\/p>\n","protected":false},"author":1182,"featured_media":30092,"comment_status":"closed","ping_status":"closed","sticky":false,"template":"","format":"standard","meta":{"footnotes":""},"categories":[6],"tags":[515,61,3288,2752,2751,3652,1517,3269,3448,1873,3584,3129,3291,3653,864],"class_list":["post-31055","post","type-post","status-publish","format-standard","has-post-thumbnail","hentry","category-noticias","tag-ans","tag-brasil","tag-cobertura","tag-coronavirus","tag-covid-19","tag-crianca","tag-exame","tag-infeccao","tag-inflamatoria","tag-mp","tag-pediatrica","tag-plano-de-saude","tag-rt-pcr","tag-sindrome-multissistemica","tag-teste"],"_links":{"self":[{"href":"https:\/\/www.sincomam.org.br\/index.php\/wp-json\/wp\/v2\/posts\/31055","targetHints":{"allow":["GET"]}}],"collection":[{"href":"https:\/\/www.sincomam.org.br\/index.php\/wp-json\/wp\/v2\/posts"}],"about":[{"href":"https:\/\/www.sincomam.org.br\/index.php\/wp-json\/wp\/v2\/types\/post"}],"author":[{"embeddable":true,"href":"https:\/\/www.sincomam.org.br\/index.php\/wp-json\/wp\/v2\/users\/1182"}],"replies":[{"embeddable":true,"href":"https:\/\/www.sincomam.org.br\/index.php\/wp-json\/wp\/v2\/comments?post=31055"}],"version-history":[{"count":1,"href":"https:\/\/www.sincomam.org.br\/index.php\/wp-json\/wp\/v2\/posts\/31055\/revisions"}],"predecessor-version":[{"id":31056,"href":"https:\/\/www.sincomam.org.br\/index.php\/wp-json\/wp\/v2\/posts\/31055\/revisions\/31056"}],"wp:featuredmedia":[{"embeddable":true,"href":"https:\/\/www.sincomam.org.br\/index.php\/wp-json\/wp\/v2\/media\/30092"}],"wp:attachment":[{"href":"https:\/\/www.sincomam.org.br\/index.php\/wp-json\/wp\/v2\/media?parent=31055"}],"wp:term":[{"taxonomy":"category","embeddable":true,"href":"https:\/\/www.sincomam.org.br\/index.php\/wp-json\/wp\/v2\/categories?post=31055"},{"taxonomy":"post_tag","embeddable":true,"href":"https:\/\/www.sincomam.org.br\/index.php\/wp-json\/wp\/v2\/tags?post=31055"}],"curies":[{"name":"wp","href":"https:\/\/api.w.org\/{rel}","templated":true}]}}