{"id":31046,"date":"2020-08-13T13:09:37","date_gmt":"2020-08-13T16:09:37","guid":{"rendered":"http:\/\/www.sincomam.org.br\/?p=31046"},"modified":"2020-08-13T13:09:37","modified_gmt":"2020-08-13T16:09:37","slug":"ans-faz-acordo-para-melhorar-atendimento-de-planos-coletivos-de-saude","status":"publish","type":"post","link":"https:\/\/www.sincomam.org.br\/index.php\/ans-faz-acordo-para-melhorar-atendimento-de-planos-coletivos-de-saude\/","title":{"rendered":"ANS faz acordo para melhorar atendimento de planos coletivos de sa\u00fade"},"content":{"rendered":"<p><strong><em>Coopera\u00e7\u00e3o foi fechada com o Servi\u00e7o Social da Ind\u00fastria<\/em><\/strong><\/p>\n<p>A Ag\u00eancia Nacional de Sa\u00fade Suplementar (ANS) fechou acordo de coopera\u00e7\u00e3o com o Servi\u00e7o Social da Ind\u00fastria (Sesi) para estimular a\u00e7\u00f5es de sa\u00fade da popula\u00e7\u00e3o atendida pelos planos coletivos empresariais e assegurar a sustentabilidade do setor.<\/p>\n<p>A vig\u00eancia \u00e9 de 36 meses, mas pode ser prorrogado por at\u00e9 dois per\u00edodos de 12 meses. Conforme a ANS, a inten\u00e7\u00e3o \u00e9 obter melhores resultados em sa\u00fade e assegurar a sustentabilidade do setor.<\/p>\n<p>Segundo a ag\u00eancia, dois ter\u00e7os dos benefici\u00e1rios de planos de assist\u00eancia m\u00e9dica no pa\u00eds, cerca de 31,6 milh\u00f5es, s\u00e3o coletivos empresariais, o que na vis\u00e3o do \u00f3rg\u00e3o, \u00e9 imprescind\u00edvel a participa\u00e7\u00e3o dos contratantes nas discuss\u00f5es do setor, um dos objetivos principais do acordo firmado com o Sesi.<\/p>\n<p><em>\u201cA implementa\u00e7\u00e3o de programas, a\u00e7\u00f5es e medidas de promo\u00e7\u00e3o da sa\u00fade e preven\u00e7\u00e3o de riscos e doen\u00e7as contribui para a diminui\u00e7\u00e3o da sinistralidade, do absente\u00edsmo e, consequentemente, para o aumento da produtividade e qualidade de vida dos colaboradores.\u201d<\/em><\/p>\n<p>Entre as a\u00e7\u00f5es previstas est\u00e3o a promo\u00e7\u00e3o de debates, campanhas educacionais, contribui\u00e7\u00e3o t\u00e9cnica na estrutura\u00e7\u00e3o, divulga\u00e7\u00e3o e dissemina\u00e7\u00e3o de metodologias, programas de promo\u00e7\u00e3o \u00e0 sa\u00fade no ambiente de trabalho, com o monitoramento e desenvolvimento de pesquisas e inova\u00e7\u00f5es relacionadas \u00e0 integra\u00e7\u00e3o assistencial, envelhecimento e fatores psicossociais.<\/p>\n<p>Para a ANS, \u00e9 importante refor\u00e7ar o di\u00e1logo colaborativo entre empresas contratantes de planos de sa\u00fade e operadoras. \u201cCom isso, buscamos promover a melhoria do sistema de sa\u00fade suplementar, estimulando a reflex\u00e3o e a colabora\u00e7\u00e3o acerca da coordena\u00e7\u00e3o do cuidado em sa\u00fade e incentivando a ado\u00e7\u00e3o de programas de promo\u00e7\u00e3o de sa\u00fade e preven\u00e7\u00e3o de doen\u00e7as integrados \u00e0 sa\u00fade ocupacional.\u201d<\/p>\n<p>No ano passado, a ag\u00eancia e o Sesi realizaram encontros com empresas contratantes de planos de sa\u00fade e gestores de operadoras em S\u00e3o Paulo, Rio de Janeiro, Bahia e Curitiba.<\/p>\n<p>Fonte: Ag\u00eancia Brasil<\/p>\n","protected":false},"excerpt":{"rendered":"<p>Coopera\u00e7\u00e3o foi fechada com o Servi\u00e7o Social da Ind\u00fastria A Ag\u00eancia Nacional de Sa\u00fade Suplementar (ANS) fechou acordo de coopera\u00e7\u00e3o com o Servi\u00e7o Social da&#8230;<\/p>\n","protected":false},"author":1182,"featured_media":30179,"comment_status":"closed","ping_status":"closed","sticky":false,"template":"","format":"standard","meta":{"footnotes":""},"categories":[6],"tags":[1086,515,2377,518,2931,519,3649],"class_list":["post-31046","post","type-post","status-publish","format-standard","has-post-thumbnail","hentry","category-noticias","tag-acordo","tag-ans","tag-beneficio","tag-planos","tag-prevencao","tag-saude","tag-sesi"],"_links":{"self":[{"href":"https:\/\/www.sincomam.org.br\/index.php\/wp-json\/wp\/v2\/posts\/31046","targetHints":{"allow":["GET"]}}],"collection":[{"href":"https:\/\/www.sincomam.org.br\/index.php\/wp-json\/wp\/v2\/posts"}],"about":[{"href":"https:\/\/www.sincomam.org.br\/index.php\/wp-json\/wp\/v2\/types\/post"}],"author":[{"embeddable":true,"href":"https:\/\/www.sincomam.org.br\/index.php\/wp-json\/wp\/v2\/users\/1182"}],"replies":[{"embeddable":true,"href":"https:\/\/www.sincomam.org.br\/index.php\/wp-json\/wp\/v2\/comments?post=31046"}],"version-history":[{"count":1,"href":"https:\/\/www.sincomam.org.br\/index.php\/wp-json\/wp\/v2\/posts\/31046\/revisions"}],"predecessor-version":[{"id":31047,"href":"https:\/\/www.sincomam.org.br\/index.php\/wp-json\/wp\/v2\/posts\/31046\/revisions\/31047"}],"wp:featuredmedia":[{"embeddable":true,"href":"https:\/\/www.sincomam.org.br\/index.php\/wp-json\/wp\/v2\/media\/30179"}],"wp:attachment":[{"href":"https:\/\/www.sincomam.org.br\/index.php\/wp-json\/wp\/v2\/media?parent=31046"}],"wp:term":[{"taxonomy":"category","embeddable":true,"href":"https:\/\/www.sincomam.org.br\/index.php\/wp-json\/wp\/v2\/categories?post=31046"},{"taxonomy":"post_tag","embeddable":true,"href":"https:\/\/www.sincomam.org.br\/index.php\/wp-json\/wp\/v2\/tags?post=31046"}],"curies":[{"name":"wp","href":"https:\/\/api.w.org\/{rel}","templated":true}]}}