{"id":31043,"date":"2020-08-13T12:47:18","date_gmt":"2020-08-13T15:47:18","guid":{"rendered":"http:\/\/www.sincomam.org.br\/?p=31043"},"modified":"2020-08-13T12:48:38","modified_gmt":"2020-08-13T15:48:38","slug":"combate-a-focos-de-incendio-e-intensificado-na-regiao-do-pantanal","status":"publish","type":"post","link":"https:\/\/www.sincomam.org.br\/index.php\/combate-a-focos-de-incendio-e-intensificado-na-regiao-do-pantanal\/","title":{"rendered":"Combate a focos de inc\u00eandio \u00e9 intensificado na regi\u00e3o do Pantanal"},"content":{"rendered":"<p><strong><em>Cinco aeronaves das For\u00e7as Armadas apoiam as opera\u00e7\u00f5es<\/em><\/strong><\/p>\n<p>O Minist\u00e9rio da Defesa, por meio das For\u00e7as Armadas, informou que prossegue com o combate a focos de inc\u00eandio que atinge o Pantanal de Mato Grosso do Sul e Mato Grosso. Em parceria com ag\u00eancias federais e estaduais, integrantes da Marinha, Ex\u00e9rcito e Aeron\u00e1utica tamb\u00e9m empregam aeronaves que transportam brigadistas e despejam \u00e1gua, durante os sobrevoos, para conter as chamas.<\/p>\n<p>De acordo com o minist\u00e9rio, as a\u00e7\u00f5es de combate ao inc\u00eandio foram realizadas em Corumb\u00e1 e na Reserva Kadiw\u00e9u, no Mato Grosso do Sul. Tamb\u00e9m houve transporte de pessoal da equipe de combate a inc\u00eandio, da Serra do Amolar (MS), pela aeronave HM-1, do Ex\u00e9rcito. Em outra frente, foram realizados reconhecimentos a\u00e9reos nas localidades de Corumb\u00e1 (MS) e Pocon\u00e9 (MT), utilizando aeronave UH-12, da Marinha.<\/p>\n<p>As a\u00e7\u00f5es de apoio contam com mais de 438 profissionais, entre militares, brigadistas e civis, e com o emprego de cinco aeronaves das For\u00e7as Armadas em voos de reconhecimento, transporte de militares\/brigadistas e lan\u00e7amentos de \u00e1gua.<\/p>\n<p><strong>Opera\u00e7\u00e3o Pantanal<\/strong><\/p>\n<p>As For\u00e7as Armadas atuam, desde o dia 25 de julho, no combate a inc\u00eandio no Pantanal sul-mato-grossense. No dia 5 de agosto, as a\u00e7\u00f5es foram estendidas ao Pantanal mato-grossense. O Minist\u00e9rio da Defesa atende a solicita\u00e7\u00e3o recebida pelos dois estados.<\/p>\n<p>O Centro de Coordena\u00e7\u00e3o da Opera\u00e7\u00e3o est\u00e1 instalado no aer\u00f3dromo do Sesc Pantanal, em Pocon\u00e9 (MT), ponto estrat\u00e9gico para o emprego dos meios. Participam da opera\u00e7\u00e3o embarca\u00e7\u00f5es e helic\u00f3pteros da Marinha, do Ex\u00e9rcito e da Aeron\u00e1utica, al\u00e9m de Fuzileiros Navais com curso de inc\u00eandio florestal.<\/p>\n<p>*Com informa\u00e7\u00f5es do Minist\u00e9rio da Defesa \/ Fotos: Marinheiro Benites &#8211; ComSoc 6\u00b0DN\/Divulga\u00e7\u00e3o Opera\u00e7\u00e3o Pantanal<\/p>\n","protected":false},"excerpt":{"rendered":"<p>Cinco aeronaves das For\u00e7as Armadas apoiam as opera\u00e7\u00f5es O Minist\u00e9rio da Defesa, por meio das For\u00e7as Armadas, informou que prossegue com o combate a focos&#8230;<\/p>\n","protected":false},"author":1182,"featured_media":31044,"comment_status":"closed","ping_status":"closed","sticky":false,"template":"","format":"standard","meta":{"footnotes":""},"categories":[6],"tags":[2840,894,115,3647,3648,1976,1420],"class_list":["post-31043","post","type-post","status-publish","format-standard","has-post-thumbnail","hentry","category-noticias","tag-combate","tag-forcas-armadas","tag-incendio","tag-intensificacao","tag-mato-grossense","tag-pantanal","tag-regiao"],"_links":{"self":[{"href":"https:\/\/www.sincomam.org.br\/index.php\/wp-json\/wp\/v2\/posts\/31043","targetHints":{"allow":["GET"]}}],"collection":[{"href":"https:\/\/www.sincomam.org.br\/index.php\/wp-json\/wp\/v2\/posts"}],"about":[{"href":"https:\/\/www.sincomam.org.br\/index.php\/wp-json\/wp\/v2\/types\/post"}],"author":[{"embeddable":true,"href":"https:\/\/www.sincomam.org.br\/index.php\/wp-json\/wp\/v2\/users\/1182"}],"replies":[{"embeddable":true,"href":"https:\/\/www.sincomam.org.br\/index.php\/wp-json\/wp\/v2\/comments?post=31043"}],"version-history":[{"count":1,"href":"https:\/\/www.sincomam.org.br\/index.php\/wp-json\/wp\/v2\/posts\/31043\/revisions"}],"predecessor-version":[{"id":31045,"href":"https:\/\/www.sincomam.org.br\/index.php\/wp-json\/wp\/v2\/posts\/31043\/revisions\/31045"}],"wp:featuredmedia":[{"embeddable":true,"href":"https:\/\/www.sincomam.org.br\/index.php\/wp-json\/wp\/v2\/media\/31044"}],"wp:attachment":[{"href":"https:\/\/www.sincomam.org.br\/index.php\/wp-json\/wp\/v2\/media?parent=31043"}],"wp:term":[{"taxonomy":"category","embeddable":true,"href":"https:\/\/www.sincomam.org.br\/index.php\/wp-json\/wp\/v2\/categories?post=31043"},{"taxonomy":"post_tag","embeddable":true,"href":"https:\/\/www.sincomam.org.br\/index.php\/wp-json\/wp\/v2\/tags?post=31043"}],"curies":[{"name":"wp","href":"https:\/\/api.w.org\/{rel}","templated":true}]}}