{"id":31025,"date":"2020-08-12T12:17:28","date_gmt":"2020-08-12T15:17:28","guid":{"rendered":"http:\/\/www.sincomam.org.br\/?p=31025"},"modified":"2020-08-12T12:17:28","modified_gmt":"2020-08-12T15:17:28","slug":"bolsonaro-sanciona-com-vetos-mp-que-autoriza-a-restricao-de-circulacao-de-pessoas-na-pandemia","status":"publish","type":"post","link":"https:\/\/www.sincomam.org.br\/index.php\/bolsonaro-sanciona-com-vetos-mp-que-autoriza-a-restricao-de-circulacao-de-pessoas-na-pandemia\/","title":{"rendered":"Bolsonaro sanciona, com vetos, MP que autoriza a restri\u00e7\u00e3o de circula\u00e7\u00e3o de pessoas na pandemia"},"content":{"rendered":"<p><strong><em>Presidente vetou o trecho que previa isen\u00e7\u00e3o de impostos sobre produtos e servi\u00e7os essenciais ao enfrentamento da Covid-19<\/em><\/strong><\/p>\n<p>O presidente Jair Bolsonaro sancionou, com vetos, a Medida Provis\u00f3ria (MP) que d\u00e1 ao governo federal o poder de adotar medidas de restri\u00e7\u00e3o para circula\u00e7\u00e3o de pessoas e bens, al\u00e9m de regular a manuten\u00e7\u00e3o de servi\u00e7os na pandemia do novo coronav\u00edrus. A san\u00e7\u00e3o foi publicada no Di\u00e1rio Oficial da Uni\u00e3o (DOU), na madrugada desta quarta-feira (12).<\/p>\n<p>Bolsonaro vetou o trecho que previa isen\u00e7\u00e3o de impostos sobre produtos e servi\u00e7os necess\u00e1rios ao enfrentamento da Covid-19. Ao justificar o veto, o presidente informou que a proposta do Congresso acarretava em &#8220;ren\u00fancia de receita sem que estivesse acompanhada de estimativa do impacto or\u00e7ament\u00e1rio e financeiro&#8221;.<\/p>\n<p>O Senado aprovou em 16 de julho a Medida Provis\u00f3ria, editada por Bolsonaro em mar\u00e7o.<\/p>\n<p>O texto diz que os governos podem restringir viagens, nacionais ou internacionais, a partir de rodovias, portos ou aeroportos, desde que com a autoriza\u00e7\u00e3o de \u00f3rg\u00e3os de vigil\u00e2ncia sanit\u00e1ria.<\/p>\n<p>Em abril, o Supremo Tribunal Federal (STF) decidiu que prefeitos e governadores t\u00eam o poder de definir as regras locais de isolamento social.<\/p>\n<p>O texto original da MP previa que as restri\u00e7\u00f5es de transporte seriam definidas apenas pela Ag\u00eancia Nacional de Vigil\u00e2ncia Sanit\u00e1ria (Anvisa), at\u00e9 para viagens entre munic\u00edpios de um mesmo estado. Os deputados alteraram este par\u00e1grafo para que a Anvisa regule a locomo\u00e7\u00e3o internacional e interestadual, enquanto \u00f3rg\u00e3os estaduais de vigil\u00e2ncia cuidam do transporte intermunicipal.<\/p>\n<p><strong>Compras p\u00fablicas facilitadas<\/strong><\/p>\n<p>A MP tamb\u00e9m autoriza o governo, durante o per\u00edodo cr\u00edtico da pandemia, a comprar insumos e a contratar servi\u00e7os de empresas normalmente impedidas de negociar com o poder p\u00fablico.<\/p>\n<p>Conforme a MP, n\u00e3o ser\u00e1 exigida a elabora\u00e7\u00e3o de &#8220;estudos preliminares&#8221; para fechar o acordo. Mas a proposta faz uma ressalva: a contrata\u00e7\u00e3o s\u00f3 poder\u00e1 ocorrer se a empresa for a \u00fanica fornecedora do bem ou servi\u00e7o. A firma ter\u00e1 de prestar uma garantia, correspondente a at\u00e9 10% do valor do contrato.<\/p>\n<p>Os contratos firmados a partir dessa legisla\u00e7\u00e3o ter\u00e3o um prazo de seis meses e poder\u00e3o ser prorrogados enquanto durar o estado de calamidade p\u00fablica, que vai at\u00e9 31 de dezembro deste ano.<\/p>\n<p>Segundo o projeto, se houver restri\u00e7\u00e3o no n\u00famero de empresas que prestam o servi\u00e7o necess\u00e1rio, a administra\u00e7\u00e3o p\u00fablica poder\u00e1 &#8220;dispensar a apresenta\u00e7\u00e3o de documenta\u00e7\u00e3o relativa \u00e0 regularidade fiscal&#8221; da companhia em quest\u00e3o. Para isso, o poder p\u00fablico ter\u00e1 de expor uma justificativa para essa contrata\u00e7\u00e3o excepcional.<\/p>\n<p>A medida determina que, se desejarem, os governos poder\u00e3o inserir nos contratos uma cl\u00e1usula que possibilite o acr\u00e9scimo ou a retirada de metade do valor inicial combinado ao longo da execu\u00e7\u00e3o da obra, por exemplo.<\/p>\n<p><strong>Trecho vetado<\/strong><\/p>\n<p>De acordo com a MP, impostos regulares n\u00e3o incidiriam sobre a venda, a industrializa\u00e7\u00e3o de produtos e a presta\u00e7\u00e3o de servi\u00e7os necess\u00e1rios para enfrentar a pandemia. Bolsonaro vetou. Os tributos que seriam retirados, nestes casos: Imposto sobre Produtos Industrializados (IPI); a Contribui\u00e7\u00e3o para o Programa de Integra\u00e7\u00e3o Social (PIS); o Programa de Forma\u00e7\u00e3o do Patrim\u00f4nio do Servidor (Pasep) e a Contribui\u00e7\u00e3o para o Financiamento da Seguridade Social (Cofins).<\/p>\n<p><strong>Dispensa de licita\u00e7\u00e3o<\/strong><\/p>\n<p>A medida provis\u00f3ria amplia ainda o rol de servi\u00e7os e bens que podem ser contratados sem abertura de licita\u00e7\u00e3o.<\/p>\n<p>Uma lei sancionada em fevereiro j\u00e1 previa medidas emergenciais para enfrentamento da pandemia, incluindo a dispensa de concorr\u00eancia para a compra de equipamentos de sa\u00fade. Com a MP, a regra passa a valer para todas as compras e servi\u00e7os, inclusive de engenharia, desde que relacionados ao combate da pandemia.<\/p>\n<p>Essa inclus\u00e3o se deu, entre outras raz\u00f5es, para permitir a constru\u00e7\u00e3o ou amplia\u00e7\u00e3o de hospitais p\u00fablicos.<\/p>\n<p>A Constitui\u00e7\u00e3o brasileira prev\u00ea que Uni\u00e3o, estados e munic\u00edpios t\u00eam de criar processos de licita\u00e7\u00e3o p\u00fablica com o objetivo de selecionar as empresas privadas que ofere\u00e7am os servi\u00e7os mais vantajosos, com o melhor custo-benef\u00edcio.<\/p>\n<p>A lei deste ano, alterada pela MP, reconhece o per\u00edodo da pandemia de Covid-19 como exce\u00e7\u00e3o a essa regra, o que imp\u00f5e a necessidade de contrata\u00e7\u00f5es mais r\u00e1pidas.<\/p>\n<p>Na justificativa da medida, o governo afirmou que a proposta serviria para &#8220;simplificar contrata\u00e7\u00f5es&#8221;, dando mais &#8220;agilidade&#8221; ao processo de compra de insumos.<\/p>\n<p>Fonte: G1 \/ Foto Isac Nobrega PR<\/p>\n","protected":false},"excerpt":{"rendered":"<p>Presidente vetou o trecho que previa isen\u00e7\u00e3o de impostos sobre produtos e servi\u00e7os essenciais ao enfrentamento da Covid-19 O presidente Jair Bolsonaro sancionou, com vetos,&#8230;<\/p>\n","protected":false},"author":1182,"featured_media":31026,"comment_status":"closed","ping_status":"closed","sticky":false,"template":"","format":"standard","meta":{"footnotes":""},"categories":[6],"tags":[1428,61,3642,2752,2751,3641,2835,3640,2755,966,69,314,407,367,1700,862,1703],"class_list":["post-31025","post","type-post","status-publish","format-standard","has-post-thumbnail","hentry","category-noticias","tag-aeroportos","tag-brasil","tag-circulacao","tag-coronavirus","tag-covid-19","tag-essenciais","tag-jair-bolsonaro","tag-mp-926","tag-pandemia","tag-pessoas","tag-portos","tag-presidente","tag-produtos","tag-projeto","tag-sanciona","tag-servicos","tag-vetos"],"_links":{"self":[{"href":"https:\/\/www.sincomam.org.br\/index.php\/wp-json\/wp\/v2\/posts\/31025","targetHints":{"allow":["GET"]}}],"collection":[{"href":"https:\/\/www.sincomam.org.br\/index.php\/wp-json\/wp\/v2\/posts"}],"about":[{"href":"https:\/\/www.sincomam.org.br\/index.php\/wp-json\/wp\/v2\/types\/post"}],"author":[{"embeddable":true,"href":"https:\/\/www.sincomam.org.br\/index.php\/wp-json\/wp\/v2\/users\/1182"}],"replies":[{"embeddable":true,"href":"https:\/\/www.sincomam.org.br\/index.php\/wp-json\/wp\/v2\/comments?post=31025"}],"version-history":[{"count":1,"href":"https:\/\/www.sincomam.org.br\/index.php\/wp-json\/wp\/v2\/posts\/31025\/revisions"}],"predecessor-version":[{"id":31027,"href":"https:\/\/www.sincomam.org.br\/index.php\/wp-json\/wp\/v2\/posts\/31025\/revisions\/31027"}],"wp:featuredmedia":[{"embeddable":true,"href":"https:\/\/www.sincomam.org.br\/index.php\/wp-json\/wp\/v2\/media\/31026"}],"wp:attachment":[{"href":"https:\/\/www.sincomam.org.br\/index.php\/wp-json\/wp\/v2\/media?parent=31025"}],"wp:term":[{"taxonomy":"category","embeddable":true,"href":"https:\/\/www.sincomam.org.br\/index.php\/wp-json\/wp\/v2\/categories?post=31025"},{"taxonomy":"post_tag","embeddable":true,"href":"https:\/\/www.sincomam.org.br\/index.php\/wp-json\/wp\/v2\/tags?post=31025"}],"curies":[{"name":"wp","href":"https:\/\/api.w.org\/{rel}","templated":true}]}}