{"id":31018,"date":"2020-08-12T11:22:28","date_gmt":"2020-08-12T14:22:28","guid":{"rendered":"http:\/\/www.sincomam.org.br\/?p=31018"},"modified":"2020-08-12T11:22:28","modified_gmt":"2020-08-12T14:22:28","slug":"portos-publicos-apresentam-crescimento-de-66-no-primeiro-semestre","status":"publish","type":"post","link":"https:\/\/www.sincomam.org.br\/index.php\/portos-publicos-apresentam-crescimento-de-66-no-primeiro-semestre\/","title":{"rendered":"Portos p\u00fablicos apresentam crescimento de 6,6% no primeiro semestre"},"content":{"rendered":"<p><strong><em>Aumento ocorreu mesmo com restri\u00e7\u00f5es para trabalho presencial<\/em><\/strong><\/p>\n<p>Segundo dados divulgados pelo Minist\u00e9rio da Infraestrutura, a movimenta\u00e7\u00e3o portu\u00e1ria brasileira cresceu, apesar da pandemia do novo coronav\u00edrus. O transporte de mercadorias nos oito principais portos do Brasil subiu 6,6% em rela\u00e7\u00e3o ao primeiro semestre de 2019.<\/p>\n<p><em>\u201cOs n\u00fameros comprovam que, mesmo com a pandemia, o setor portu\u00e1rio continua funcionando bem e cumprindo o papel de escoar seus produtos para outros pa\u00edses, colaborando, assim, com a balan\u00e7a comercial brasileira. \u00c9 importante observar que o cen\u00e1rio geral ainda \u00e9 de crescimento e resili\u00eancia\u201d, ressalta o ministro da infraestrutura, Tarc\u00edsio Gomes de Freitas.<\/em><\/p>\n<p>O aumento ocorreu mesmo com restri\u00e7\u00f5es sanit\u00e1rias para trabalhadores portu\u00e1rios em vigor. Segundo o texto da medida provis\u00f3ria 945 de 2020, que regulamenta o trabalho presencial e eletr\u00f4nico do setor, nenhum funcion\u00e1rio portu\u00e1rio que apresente sintomas de covid-19 pode cumprir jornada presencial, e recebe compensa\u00e7\u00e3o financeira pela condi\u00e7\u00e3o.<\/p>\n<p>Segundo a Ag\u00eancia Nacional de Transportes Aquavi\u00e1rios (Antaq), no acumulado do ano de 2020 at\u00e9 maio, o setor portu\u00e1rio movimentou 436 milh\u00f5es de toneladas, alta de 3,98% em rela\u00e7\u00e3o ao mesmo per\u00edodo do ano anterior. Os dados incluem portos p\u00fablicos e terminais de uso privado (TUPs). A movimenta\u00e7\u00e3o de gran\u00e9is l\u00edquidos e gasosos impactou os n\u00fameros, registrando alta de 16,5% no per\u00edodo.<\/p>\n<p>Fonte: Ag\u00eancia Brasil<\/p>\n","protected":false},"excerpt":{"rendered":"<p>Aumento ocorreu mesmo com restri\u00e7\u00f5es para trabalho presencial Segundo dados divulgados pelo Minist\u00e9rio da Infraestrutura, a movimenta\u00e7\u00e3o portu\u00e1ria brasileira cresceu, apesar da pandemia do novo&#8230;<\/p>\n","protected":false},"author":1182,"featured_media":31019,"comment_status":"closed","ping_status":"closed","sticky":false,"template":"","format":"standard","meta":{"footnotes":""},"categories":[6],"tags":[301,61,170,69,1481,3380,554],"class_list":["post-31018","post","type-post","status-publish","format-standard","has-post-thumbnail","hentry","category-noticias","tag-antaq","tag-brasil","tag-crescimento","tag-portos","tag-publicos","tag-semestre","tag-trabalho"],"_links":{"self":[{"href":"https:\/\/www.sincomam.org.br\/index.php\/wp-json\/wp\/v2\/posts\/31018","targetHints":{"allow":["GET"]}}],"collection":[{"href":"https:\/\/www.sincomam.org.br\/index.php\/wp-json\/wp\/v2\/posts"}],"about":[{"href":"https:\/\/www.sincomam.org.br\/index.php\/wp-json\/wp\/v2\/types\/post"}],"author":[{"embeddable":true,"href":"https:\/\/www.sincomam.org.br\/index.php\/wp-json\/wp\/v2\/users\/1182"}],"replies":[{"embeddable":true,"href":"https:\/\/www.sincomam.org.br\/index.php\/wp-json\/wp\/v2\/comments?post=31018"}],"version-history":[{"count":1,"href":"https:\/\/www.sincomam.org.br\/index.php\/wp-json\/wp\/v2\/posts\/31018\/revisions"}],"predecessor-version":[{"id":31020,"href":"https:\/\/www.sincomam.org.br\/index.php\/wp-json\/wp\/v2\/posts\/31018\/revisions\/31020"}],"wp:featuredmedia":[{"embeddable":true,"href":"https:\/\/www.sincomam.org.br\/index.php\/wp-json\/wp\/v2\/media\/31019"}],"wp:attachment":[{"href":"https:\/\/www.sincomam.org.br\/index.php\/wp-json\/wp\/v2\/media?parent=31018"}],"wp:term":[{"taxonomy":"category","embeddable":true,"href":"https:\/\/www.sincomam.org.br\/index.php\/wp-json\/wp\/v2\/categories?post=31018"},{"taxonomy":"post_tag","embeddable":true,"href":"https:\/\/www.sincomam.org.br\/index.php\/wp-json\/wp\/v2\/tags?post=31018"}],"curies":[{"name":"wp","href":"https:\/\/api.w.org\/{rel}","templated":true}]}}