{"id":31011,"date":"2020-08-12T10:50:12","date_gmt":"2020-08-12T13:50:12","guid":{"rendered":"http:\/\/www.sincomam.org.br\/?p=31011"},"modified":"2020-08-12T10:50:12","modified_gmt":"2020-08-12T13:50:12","slug":"missao-brasileira-transporta-6-toneladas-de-materiais-ao-libano","status":"publish","type":"post","link":"https:\/\/www.sincomam.org.br\/index.php\/missao-brasileira-transporta-6-toneladas-de-materiais-ao-libano\/","title":{"rendered":"Miss\u00e3o brasileira transporta 6 toneladas de materiais ao L\u00edbano"},"content":{"rendered":"<p><strong><em>Explos\u00e3o na regi\u00e3o portu\u00e1ria de Beirute deixou mais de 100 mortos e cerca de 6 mil feridos<\/em><\/strong><\/p>\n<p>O Minist\u00e9rio da Defesa informou que nesta quarta-feira (12), as aeronaves KC-390 Millennium e Embraer 190 (VC-2), da For\u00e7a A\u00e9rea Brasileira (FAB), decolaram de Guarulhos (SP), com destino a Beirute, no L\u00edbano, para miss\u00e3o especial humanit\u00e1ria no pa\u00eds &#8211; em resposta \u00e0s graves explos\u00f5es que atingiram o porto da capital libanesa. O retorno da comitiva brasileira est\u00e1 previsto para o pr\u00f3ximo s\u00e1bado (15).<\/p>\n<p>Em comunicado, o\u00a0minist\u00e9rio ressaltou que o trabalho est\u00e1 sendo coordenado pelos Minist\u00e9rios das Rela\u00e7\u00f5es Exteriores, da Defesa e da Sa\u00fade no \u00e2mbito do Grupo de Trabalho Interministerial sobre Coopera\u00e7\u00e3o Humanit\u00e1ria Internacional, cuja secretaria executiva cabe ao Itamaraty.<\/p>\n<p><strong>Transporte<\/strong><\/p>\n<p>A\u00a0 FAB destacou que o KC-390, que realiza pela primeira vez miss\u00e3o de assist\u00eancia humanit\u00e1ria internacional, foi carregado com 6 toneladas de materiais, que inclui medicamentos, alimentos e equipamentos de sa\u00fade, doados pelo Minist\u00e9rio da Sa\u00fade e pela comunidade libanesa no Brasil. J\u00e1 a aeronave Embraer 190 (VC-2) transportar\u00e1 a comitiva da miss\u00e3o ao L\u00edbano, chefiada pelo ex-Presidente da Rep\u00fablica Michel Temer, por convite do Presidente Jair Bolsonaro. A comitiva ainda \u00e9 integrada por Senadores, autoridades federais e representantes da comunidade libanesa no Brasil, e tamb\u00e9m especialistas em assist\u00eancia humanit\u00e1ria.<\/p>\n<p>O governo brasileiro tamb\u00e9m apoia o L\u00edbano atrav\u00e9s do Centro Nacional de Gerenciamento de Riscos e Desastres (CENAD) e o Instituto Nacional de Pesquisas Espaciais (INPE), que colaboram na elabora\u00e7\u00e3o de mapas com imagens sat\u00e9lites de Beirute, para atividades de mapeamento emergencial p\u00f3s-desastres.<\/p>\n<p>*Com informa\u00e7\u00f5es do Minist\u00e9rio da Defesa \/ Foto: CivilDefenseLB<\/p>\n","protected":false},"excerpt":{"rendered":"<p>Explos\u00e3o na regi\u00e3o portu\u00e1ria de Beirute deixou mais de 100 mortos e cerca de 6 mil feridos O Minist\u00e9rio da Defesa informou que nesta quarta-feira&#8230;<\/p>\n","protected":false},"author":1182,"featured_media":31012,"comment_status":"closed","ping_status":"closed","sticky":false,"template":"","format":"standard","meta":{"footnotes":""},"categories":[6],"tags":[114,3635,3628,3596,61,995,972,1642,2908,1081,3629,3595,378,1461,623,80],"class_list":["post-31011","post","type-post","status-publish","format-standard","has-post-thumbnail","hentry","category-noticias","tag-acidente","tag-aeronaves","tag-ajuda","tag-beirute","tag-brasil","tag-brasileira","tag-defesa","tag-explosao","tag-fab","tag-feridos","tag-humanitaria","tag-libano","tag-ministerio","tag-missao","tag-mortos","tag-porto"],"_links":{"self":[{"href":"https:\/\/www.sincomam.org.br\/index.php\/wp-json\/wp\/v2\/posts\/31011","targetHints":{"allow":["GET"]}}],"collection":[{"href":"https:\/\/www.sincomam.org.br\/index.php\/wp-json\/wp\/v2\/posts"}],"about":[{"href":"https:\/\/www.sincomam.org.br\/index.php\/wp-json\/wp\/v2\/types\/post"}],"author":[{"embeddable":true,"href":"https:\/\/www.sincomam.org.br\/index.php\/wp-json\/wp\/v2\/users\/1182"}],"replies":[{"embeddable":true,"href":"https:\/\/www.sincomam.org.br\/index.php\/wp-json\/wp\/v2\/comments?post=31011"}],"version-history":[{"count":1,"href":"https:\/\/www.sincomam.org.br\/index.php\/wp-json\/wp\/v2\/posts\/31011\/revisions"}],"predecessor-version":[{"id":31013,"href":"https:\/\/www.sincomam.org.br\/index.php\/wp-json\/wp\/v2\/posts\/31011\/revisions\/31013"}],"wp:featuredmedia":[{"embeddable":true,"href":"https:\/\/www.sincomam.org.br\/index.php\/wp-json\/wp\/v2\/media\/31012"}],"wp:attachment":[{"href":"https:\/\/www.sincomam.org.br\/index.php\/wp-json\/wp\/v2\/media?parent=31011"}],"wp:term":[{"taxonomy":"category","embeddable":true,"href":"https:\/\/www.sincomam.org.br\/index.php\/wp-json\/wp\/v2\/categories?post=31011"},{"taxonomy":"post_tag","embeddable":true,"href":"https:\/\/www.sincomam.org.br\/index.php\/wp-json\/wp\/v2\/tags?post=31011"}],"curies":[{"name":"wp","href":"https:\/\/api.w.org\/{rel}","templated":true}]}}