{"id":31008,"date":"2020-08-12T10:13:55","date_gmt":"2020-08-12T13:13:55","guid":{"rendered":"http:\/\/www.sincomam.org.br\/?p=31008"},"modified":"2020-08-12T10:13:55","modified_gmt":"2020-08-12T13:13:55","slug":"eamce-promove-encontro-aos-40-anos-de-ingresso-da-mulher-na-marinha","status":"publish","type":"post","link":"https:\/\/www.sincomam.org.br\/index.php\/eamce-promove-encontro-aos-40-anos-de-ingresso-da-mulher-na-marinha\/","title":{"rendered":"EAMCE promove encontro aos 40 anos de Ingresso da Mulher na Marinha"},"content":{"rendered":"<p><strong><em>Evento trouxe reflex\u00e3o sobre a presen\u00e7a feminina nas For\u00e7as Armadas <\/em><\/strong><\/p>\n<p>A Escola de Aprendizes-Marinheiros do Cear\u00e1 (EAMCE) promoveu, no dia 6 de agosto, uma roda de conversa em comemora\u00e7\u00e3o aos 40 anos de Ingresso da Mulher na Marinha do Brasil.<\/p>\n<p>A atividade, coordenada pelo N\u00facleo de Assist\u00eancia Social da EAMCE, foi mediada pelas psic\u00f3logas convidadas Juliana Silveira e Mirna Moschella, que trabalham na \u00e1rea de gest\u00e3o de pessoas.<\/p>\n<p>A Marinha do Brasil ressaltou que o encontro teve finalidade de promover a reflex\u00e3o sobre a equidade de g\u00eanero, contando com a participa\u00e7\u00e3o de dez militares.<\/p>\n<p>A a\u00e7\u00e3o faz parte do Projeto \u201cMulheres da Marinha\u201d, que integra o Programa Qualidade de Vida no Trabalho e na Fam\u00edlia, proposto pela Diretoria-Geral do Pessoal da Marinha.<\/p>\n<p>*Com informa\u00e7\u00f5es da Marinha do Brasil<\/p>\n","protected":false},"excerpt":{"rendered":"<p>Evento trouxe reflex\u00e3o sobre a presen\u00e7a feminina nas For\u00e7as Armadas A Escola de Aprendizes-Marinheiros do Cear\u00e1 (EAMCE) promoveu, no dia 6 de agosto, uma roda&#8230;<\/p>\n","protected":false},"author":1182,"featured_media":31009,"comment_status":"closed","ping_status":"closed","sticky":false,"template":"","format":"standard","meta":{"footnotes":""},"categories":[6],"tags":[3633,20,3632,922,3634,1013,1397],"class_list":["post-31008","post","type-post","status-publish","format-standard","has-post-thumbnail","hentry","category-noticias","tag-40-anos","tag-comemoracao","tag-eamce","tag-evento","tag-ingresso","tag-marinha-do-brasil","tag-mulher"],"_links":{"self":[{"href":"https:\/\/www.sincomam.org.br\/index.php\/wp-json\/wp\/v2\/posts\/31008","targetHints":{"allow":["GET"]}}],"collection":[{"href":"https:\/\/www.sincomam.org.br\/index.php\/wp-json\/wp\/v2\/posts"}],"about":[{"href":"https:\/\/www.sincomam.org.br\/index.php\/wp-json\/wp\/v2\/types\/post"}],"author":[{"embeddable":true,"href":"https:\/\/www.sincomam.org.br\/index.php\/wp-json\/wp\/v2\/users\/1182"}],"replies":[{"embeddable":true,"href":"https:\/\/www.sincomam.org.br\/index.php\/wp-json\/wp\/v2\/comments?post=31008"}],"version-history":[{"count":1,"href":"https:\/\/www.sincomam.org.br\/index.php\/wp-json\/wp\/v2\/posts\/31008\/revisions"}],"predecessor-version":[{"id":31010,"href":"https:\/\/www.sincomam.org.br\/index.php\/wp-json\/wp\/v2\/posts\/31008\/revisions\/31010"}],"wp:featuredmedia":[{"embeddable":true,"href":"https:\/\/www.sincomam.org.br\/index.php\/wp-json\/wp\/v2\/media\/31009"}],"wp:attachment":[{"href":"https:\/\/www.sincomam.org.br\/index.php\/wp-json\/wp\/v2\/media?parent=31008"}],"wp:term":[{"taxonomy":"category","embeddable":true,"href":"https:\/\/www.sincomam.org.br\/index.php\/wp-json\/wp\/v2\/categories?post=31008"},{"taxonomy":"post_tag","embeddable":true,"href":"https:\/\/www.sincomam.org.br\/index.php\/wp-json\/wp\/v2\/tags?post=31008"}],"curies":[{"name":"wp","href":"https:\/\/api.w.org\/{rel}","templated":true}]}}