{"id":31001,"date":"2020-08-11T10:54:58","date_gmt":"2020-08-11T13:54:58","guid":{"rendered":"http:\/\/www.sincomam.org.br\/?p=31001"},"modified":"2020-08-11T10:54:58","modified_gmt":"2020-08-11T13:54:58","slug":"medicos-especialistas-do-rio-embarcam-para-ajuda-humanitaria-no-libano","status":"publish","type":"post","link":"https:\/\/www.sincomam.org.br\/index.php\/medicos-especialistas-do-rio-embarcam-para-ajuda-humanitaria-no-libano\/","title":{"rendered":"M\u00e9dicos especialistas do Rio embarcam para ajuda humanit\u00e1ria no L\u00edbano"},"content":{"rendered":"<p><strong><em>Seis profissionais v\u00e3o ajudar na trag\u00e9dia ocorrida no porto de Beirute<\/em><\/strong><\/p>\n<p>Seis m\u00e9dicos de grande experi\u00eancia em traumas e queimaduras da rede municipal de sa\u00fade do Rio embarcam ontem (10) \u00e0 noite para o L\u00edbano em miss\u00e3o humanit\u00e1ria de ajuda aos milhares de feridos da explos\u00e3o da semana passada em Beirute, capital daquele pa\u00eds.<\/p>\n<p>Os profissionais trabalham em dois grandes hospitais de emerg\u00eancias do Rio, sendo cinco do Miguel Couto e um do Souza Aguiar. No grupo h\u00e1 tr\u00eas cirurgi\u00f5es gerais, uma neurocirurgi\u00e3, um cirurgi\u00e3o pl\u00e1stico e uma cl\u00ednica geral. A prefeitura do Rio tamb\u00e9m est\u00e1 enviando medicamentos para ajudar no tratamento dos feridos.<\/p>\n<p>O prefeito Marcelo Crivella se reuniu, no Centro Administrativo da prefeitura, com os m\u00e9dicos na presen\u00e7a do c\u00f4nsul-geral do L\u00edbano no Rio, Alejandro Bitar.\u00a0 \u201cOs m\u00e9dicos t\u00eam grande experi\u00eancia e tenho certeza que a equipe m\u00e9dica vai representar o esp\u00edrito solid\u00e1rio do povo carioca\u201d, disse Crivella.<\/p>\n<p>Todos os m\u00e9dicos da comitiva da testaram negativo para covid-19. Os profissionais atuar\u00e3o na linha de frente da trag\u00e9dia libanesa, utilizando EPIs (Equipamentos de Prote\u00e7\u00e3o Individual) que est\u00e3o levando na viagem e seguindo os protocolos sanit\u00e1rios de preven\u00e7\u00e3o, tanto em rela\u00e7\u00e3o ao novo coronav\u00edrus quanto a outros tipos de contamina\u00e7\u00e3o.<\/p>\n<p>A comitiva de ajuda humanit\u00e1ria da prefeitura do Rio embarca \u00e0s 21 h no Aeroporto Santos Dumont, com destino a Guarulhos (S\u00e3o Paulo). \u00c0 meia-noite, o grupo viaja para Frankfurt, na Alemanha. De l\u00e1, seguir\u00e3o at\u00e9 Beirute. De acordo com a neurocirurgi\u00e3 do Hospital Miguel Couto, Gianne Leite Lucchesi os profissionais tamb\u00e9m t\u00eam treinamento em gest\u00e3o e, por conta do atendimento de emerg\u00eancia, est\u00e3o acostumados a lidar com cat\u00e1strofes.<\/p>\n<p><strong>Explos\u00e3o em Beirute<\/strong><\/p>\n<p>Cerca de 2.750 toneladas de nitrato de am\u00f4nio, subst\u00e2ncia usada na produ\u00e7\u00e3o de explosivos e fertilizantes, explodiu no in\u00edcio da noite do dia 4 na \u00e1rea do porto de Beirute. A situa\u00e7\u00e3o causou p\u00e2nico e destrui\u00e7\u00e3o na regi\u00e3o. O acidente deixou mais de uma centena de mortos e milhares de feridos, muitos deles com queimaduras graves. O impacto da explos\u00e3o foi sentido at\u00e9 no Chipre, a mais de 200 quil\u00f4metros da costa libanesa.<\/p>\n<p>Fonte: Ag\u00eancia Brasil \/ Foto: CivilDefenseLB<\/p>\n","protected":false},"excerpt":{"rendered":"<p>Seis profissionais v\u00e3o ajudar na trag\u00e9dia ocorrida no porto de Beirute Seis m\u00e9dicos de grande experi\u00eancia em traumas e queimaduras da rede municipal de sa\u00fade&#8230;<\/p>\n","protected":false},"author":1182,"featured_media":31002,"comment_status":"closed","ping_status":"closed","sticky":false,"template":"","format":"standard","meta":{"footnotes":""},"categories":[6],"tags":[114,3628,3596,1642,1081,3629,3595,3306,623,80],"class_list":["post-31001","post","type-post","status-publish","format-standard","has-post-thumbnail","hentry","category-noticias","tag-acidente","tag-ajuda","tag-beirute","tag-explosao","tag-feridos","tag-humanitaria","tag-libano","tag-medicos","tag-mortos","tag-porto"],"_links":{"self":[{"href":"https:\/\/www.sincomam.org.br\/index.php\/wp-json\/wp\/v2\/posts\/31001","targetHints":{"allow":["GET"]}}],"collection":[{"href":"https:\/\/www.sincomam.org.br\/index.php\/wp-json\/wp\/v2\/posts"}],"about":[{"href":"https:\/\/www.sincomam.org.br\/index.php\/wp-json\/wp\/v2\/types\/post"}],"author":[{"embeddable":true,"href":"https:\/\/www.sincomam.org.br\/index.php\/wp-json\/wp\/v2\/users\/1182"}],"replies":[{"embeddable":true,"href":"https:\/\/www.sincomam.org.br\/index.php\/wp-json\/wp\/v2\/comments?post=31001"}],"version-history":[{"count":1,"href":"https:\/\/www.sincomam.org.br\/index.php\/wp-json\/wp\/v2\/posts\/31001\/revisions"}],"predecessor-version":[{"id":31003,"href":"https:\/\/www.sincomam.org.br\/index.php\/wp-json\/wp\/v2\/posts\/31001\/revisions\/31003"}],"wp:featuredmedia":[{"embeddable":true,"href":"https:\/\/www.sincomam.org.br\/index.php\/wp-json\/wp\/v2\/media\/31002"}],"wp:attachment":[{"href":"https:\/\/www.sincomam.org.br\/index.php\/wp-json\/wp\/v2\/media?parent=31001"}],"wp:term":[{"taxonomy":"category","embeddable":true,"href":"https:\/\/www.sincomam.org.br\/index.php\/wp-json\/wp\/v2\/categories?post=31001"},{"taxonomy":"post_tag","embeddable":true,"href":"https:\/\/www.sincomam.org.br\/index.php\/wp-json\/wp\/v2\/tags?post=31001"}],"curies":[{"name":"wp","href":"https:\/\/api.w.org\/{rel}","templated":true}]}}