{"id":30996,"date":"2020-08-11T10:37:19","date_gmt":"2020-08-11T13:37:19","guid":{"rendered":"http:\/\/www.sincomam.org.br\/?p=30996"},"modified":"2020-08-11T10:37:19","modified_gmt":"2020-08-11T13:37:19","slug":"portos-do-parana-firma-parceria-inedita-com-fundacion-valenciaport","status":"publish","type":"post","link":"https:\/\/www.sincomam.org.br\/index.php\/portos-do-parana-firma-parceria-inedita-com-fundacion-valenciaport\/","title":{"rendered":"Portos do Paran\u00e1 firma parceria in\u00e9dita com Fundaci\u00f3n Valenciaport"},"content":{"rendered":"<p><strong><em>Objetivo \u00e9 modernizar os portos paranaenses, com grandes projetos na \u00e1rea de tecnologia, inova\u00e7\u00e3o e qualifica\u00e7\u00e3o humana<\/em><\/strong><\/p>\n<p>A empresa p\u00fablica Portos do Paran\u00e1 anuncia que firmou uma colabora\u00e7\u00e3o t\u00e9cnica in\u00e9dita com a Fundaci\u00f3n Valenciaport, um centro de pesquisa, inova\u00e7\u00e3o e forma\u00e7\u00e3o do setor log\u00edstico portu\u00e1rio, com sede no porto de Val\u00eancia, na Espanha, e atua\u00e7\u00e3o em portos da Europa, Am\u00e9rica Latina, \u00c1sia e Oriente M\u00e9dio.<\/p>\n<p>A proposta \u00e9 \u00fanica no Brasil e devem modernizar os portos de Paranagu\u00e1 e Antonina, com estrat\u00e9gias que s\u00e3o refer\u00eancia nos mais importantes e eficientes portos do mundo. \u201cTer a funda\u00e7\u00e3o ao nosso lado, ajudando a compor projetos estrat\u00e9gicos, vai transformar nossos portos para o futuro\u201d, afirma o diretor-presidente da Portos do Paran\u00e1, Luiz Fernando Garcia.<\/p>\n<p><strong>Projetos <\/strong><\/p>\n<p>A colabora\u00e7\u00e3o prev\u00ea a constru\u00e7\u00e3o do Port Community System, uma plataforma de troca de dados da comunidade portu\u00e1ria. O PCS conecta m\u00faltiplos sistemas usados por diferentes organiza\u00e7\u00f5es envolvidas na atividade, integrando as informa\u00e7\u00f5es de toda cadeia log\u00edstica.<\/p>\n<p><em>\u201cA inten\u00e7\u00e3o \u00e9 acompanhar e auxiliar os portos paranaenses na execu\u00e7\u00e3o da sua transforma\u00e7\u00e3o digital. Esta parceria teve origem em uma s\u00e9rie de conversas, sobre o que os portos do Paran\u00e1 planejavam para o futuro e o que a Fundaci\u00f3n previa para a Am\u00e9rica Latina. O encontro de ideias permitiu discutir um trabalho conjunto que ser\u00e1 in\u00e9dito em um porto brasileiro\u201d, informa o diretor Internacional da Fundac\u00edon Valenciaport, Miguel Gar\u00edn Alemany.<\/em><\/p>\n<p><strong>Novo modelo <\/strong><\/p>\n<p>O Port Collaborative Decision Making (PortCDM) prop\u00f5e um novo modelo de gerenciamento das opera\u00e7\u00f5es mar\u00edtimas, em tempo real, entre todos os agentes envolvidos nas opera\u00e7\u00f5es de chegada e sa\u00edda de navios. Al\u00e9m disso, a parceria discute quest\u00f5es de seguran\u00e7a digital e tecnologia de prote\u00e7\u00e3o de dados.<\/p>\n<p><em>\u201cO porto de Paranagu\u00e1 foi escolhido como piloto e ser\u00e1 o primeiro da Am\u00e9rica Latina a desenvolver uma plataforma nestes moldes. Junto com o porto de Val\u00eancia, estar\u00e3o entre os primeiros do mundo na aplica\u00e7\u00e3o deste conceito. O PortCDM \u00e9 uma inova\u00e7\u00e3o incr\u00edvel e o Paran\u00e1 ser\u00e1 refer\u00eancia para portos de todos os pa\u00edses\u201d, avalia o diretor do Projeto da Fundaci\u00f3n Valenciaport, Jonas Mendes Constante.<\/em><\/p>\n<p><strong>Capacita\u00e7\u00e3o <\/strong><\/p>\n<p>Os projetos ser\u00e3o completamente bil\u00edngues e preveem, ainda, a capacita\u00e7\u00e3o e treinamento das equipes e funcion\u00e1rios da empresa p\u00fablica paranaense na constru\u00e7\u00e3o de um \u201csmart port\u201d, usando automa\u00e7\u00e3o e tecnologias inovadoras para melhorar a performance.<\/p>\n<p><strong>Cronograma <\/strong><\/p>\n<p>As a\u00e7\u00f5es em parceria j\u00e1 come\u00e7am a ser desenvolvidas, em conjunto, nesta semana. O cronograma ser\u00e1 executado ao longo de 12 meses e a expectativa \u00e9 que os Portos do Paran\u00e1 ganhem destaque no cen\u00e1rio europeu, com atra\u00e7\u00e3o de novos investimentos e aumento nas movimenta\u00e7\u00f5es.<\/p>\n<p>*Com informa\u00e7\u00f5es da Ag\u00eancia de Not\u00edcias do Paran\u00e1<\/p>\n","protected":false},"excerpt":{"rendered":"<p>Objetivo \u00e9 modernizar os portos paranaenses, com grandes projetos na \u00e1rea de tecnologia, inova\u00e7\u00e3o e qualifica\u00e7\u00e3o humana A empresa p\u00fablica Portos do Paran\u00e1 anuncia que&#8230;<\/p>\n","protected":false},"author":1182,"featured_media":30997,"comment_status":"closed","ping_status":"closed","sticky":false,"template":"","format":"standard","meta":{"footnotes":""},"categories":[6],"tags":[3626,109,166,69,3627],"class_list":["post-30996","post","type-post","status-publish","format-standard","has-post-thumbnail","hentry","category-noticias","tag-fundacion","tag-parana","tag-parceria","tag-portos","tag-valenciaport"],"_links":{"self":[{"href":"https:\/\/www.sincomam.org.br\/index.php\/wp-json\/wp\/v2\/posts\/30996","targetHints":{"allow":["GET"]}}],"collection":[{"href":"https:\/\/www.sincomam.org.br\/index.php\/wp-json\/wp\/v2\/posts"}],"about":[{"href":"https:\/\/www.sincomam.org.br\/index.php\/wp-json\/wp\/v2\/types\/post"}],"author":[{"embeddable":true,"href":"https:\/\/www.sincomam.org.br\/index.php\/wp-json\/wp\/v2\/users\/1182"}],"replies":[{"embeddable":true,"href":"https:\/\/www.sincomam.org.br\/index.php\/wp-json\/wp\/v2\/comments?post=30996"}],"version-history":[{"count":1,"href":"https:\/\/www.sincomam.org.br\/index.php\/wp-json\/wp\/v2\/posts\/30996\/revisions"}],"predecessor-version":[{"id":30998,"href":"https:\/\/www.sincomam.org.br\/index.php\/wp-json\/wp\/v2\/posts\/30996\/revisions\/30998"}],"wp:featuredmedia":[{"embeddable":true,"href":"https:\/\/www.sincomam.org.br\/index.php\/wp-json\/wp\/v2\/media\/30997"}],"wp:attachment":[{"href":"https:\/\/www.sincomam.org.br\/index.php\/wp-json\/wp\/v2\/media?parent=30996"}],"wp:term":[{"taxonomy":"category","embeddable":true,"href":"https:\/\/www.sincomam.org.br\/index.php\/wp-json\/wp\/v2\/categories?post=30996"},{"taxonomy":"post_tag","embeddable":true,"href":"https:\/\/www.sincomam.org.br\/index.php\/wp-json\/wp\/v2\/tags?post=30996"}],"curies":[{"name":"wp","href":"https:\/\/api.w.org\/{rel}","templated":true}]}}