{"id":30961,"date":"2020-08-10T10:56:01","date_gmt":"2020-08-10T13:56:01","guid":{"rendered":"http:\/\/www.sincomam.org.br\/?p=30961"},"modified":"2020-08-10T10:56:01","modified_gmt":"2020-08-10T13:56:01","slug":"antaq-realizara-audiencia-virtual-sobre-arrendamento-portuario-no-rio-grande-do-norte","status":"publish","type":"post","link":"https:\/\/www.sincomam.org.br\/index.php\/antaq-realizara-audiencia-virtual-sobre-arrendamento-portuario-no-rio-grande-do-norte\/","title":{"rendered":"ANTAQ realizar\u00e1 audi\u00eancia virtual sobre arrendamento portu\u00e1rio no Rio Grande do Norte"},"content":{"rendered":"<p><strong><em>Reuni\u00e3o on-line acontecer\u00e1 em 11 de agosto<\/em><\/strong><\/p>\n<p>A ANTAQ informa que a audi\u00eancia p\u00fablica presencial prevista no \u00e2mbito do Aviso de Audi\u00eancia P\u00fablica n\u00ba 11\/2020-ANTAQ ocorrer\u00e1 no modelo virtual em 11 de agosto de 2020, com in\u00edcio \u00e0s 15h e t\u00e9rmino quando da manifesta\u00e7\u00e3o do \u00faltimo credenciado, sendo 18h o hor\u00e1rio limite para encerramento.<\/p>\n<p>De acordo com a ag\u00eancia, o objetivo desta audi\u00eancia p\u00fablica \u00e9 obter contribui\u00e7\u00f5es, subs\u00eddios e sugest\u00f5es para o aprimoramento dos documentos t\u00e9cnicos e jur\u00eddicos relativos \u00e0 realiza\u00e7\u00e3o de certame licitat\u00f3rio referente ao arrendamento de terminal portu\u00e1rio destinado \u00e0 movimenta\u00e7\u00e3o e armazenagem de gran\u00e9is s\u00f3lidos minerais, especialmente sal marinho, no Complexo Portu\u00e1rio de Areia Branca, no Rio Grande do Norte, denominado TERSAB.<\/p>\n<p>Toda a sess\u00e3o virtual ser\u00e1 transmitida via <em>streaming <\/em>a toda a Internet, gravada e disponibilizada no canal da ANTAQ no Youtube. N\u00e3o \u00e9 necess\u00e1ria a inscri\u00e7\u00e3o para assistir \u00e0 audi\u00eancia p\u00fablica. Os interessados em manifestar-se na audi\u00eancia se inscrever\u00e3o pelo aplicativo de mensagens Whatsapp no n\u00famero (61) 2029-6940. O per\u00edodo de inscri\u00e7\u00e3o ser\u00e1 das 10h \u00e0s 14h do dia 11 de agosto de 2020. Os interessados poder\u00e3o enviar sua contribui\u00e7\u00e3o por v\u00eddeo, \u00e1udio ou at\u00e9 mesmo por escrito no Whatsapp.<\/p>\n<p>*Com informa\u00e7\u00f5es ANTAQ<\/p>\n","protected":false},"excerpt":{"rendered":"<p>Reuni\u00e3o on-line acontecer\u00e1 em 11 de agosto A ANTAQ informa que a audi\u00eancia p\u00fablica presencial prevista no \u00e2mbito do Aviso de Audi\u00eancia P\u00fablica n\u00ba 11\/2020-ANTAQ&#8230;<\/p>\n","protected":false},"author":1182,"featured_media":20206,"comment_status":"closed","ping_status":"closed","sticky":false,"template":"","format":"standard","meta":{"footnotes":""},"categories":[6],"tags":[301,1372,1062,1026,307,3362],"class_list":["post-30961","post","type-post","status-publish","format-standard","has-post-thumbnail","hentry","category-noticias","tag-antaq","tag-arrendamento","tag-audiencia","tag-portuario","tag-rio-grande-do-norte","tag-virtual"],"_links":{"self":[{"href":"https:\/\/www.sincomam.org.br\/index.php\/wp-json\/wp\/v2\/posts\/30961","targetHints":{"allow":["GET"]}}],"collection":[{"href":"https:\/\/www.sincomam.org.br\/index.php\/wp-json\/wp\/v2\/posts"}],"about":[{"href":"https:\/\/www.sincomam.org.br\/index.php\/wp-json\/wp\/v2\/types\/post"}],"author":[{"embeddable":true,"href":"https:\/\/www.sincomam.org.br\/index.php\/wp-json\/wp\/v2\/users\/1182"}],"replies":[{"embeddable":true,"href":"https:\/\/www.sincomam.org.br\/index.php\/wp-json\/wp\/v2\/comments?post=30961"}],"version-history":[{"count":1,"href":"https:\/\/www.sincomam.org.br\/index.php\/wp-json\/wp\/v2\/posts\/30961\/revisions"}],"predecessor-version":[{"id":30962,"href":"https:\/\/www.sincomam.org.br\/index.php\/wp-json\/wp\/v2\/posts\/30961\/revisions\/30962"}],"wp:featuredmedia":[{"embeddable":true,"href":"https:\/\/www.sincomam.org.br\/index.php\/wp-json\/wp\/v2\/media\/20206"}],"wp:attachment":[{"href":"https:\/\/www.sincomam.org.br\/index.php\/wp-json\/wp\/v2\/media?parent=30961"}],"wp:term":[{"taxonomy":"category","embeddable":true,"href":"https:\/\/www.sincomam.org.br\/index.php\/wp-json\/wp\/v2\/categories?post=30961"},{"taxonomy":"post_tag","embeddable":true,"href":"https:\/\/www.sincomam.org.br\/index.php\/wp-json\/wp\/v2\/tags?post=30961"}],"curies":[{"name":"wp","href":"https:\/\/api.w.org\/{rel}","templated":true}]}}