{"id":30956,"date":"2020-08-10T10:23:19","date_gmt":"2020-08-10T13:23:19","guid":{"rendered":"http:\/\/www.sincomam.org.br\/?p=30956"},"modified":"2020-08-10T10:23:19","modified_gmt":"2020-08-10T13:23:19","slug":"capitania-dos-portos-do-amapa-participa-de-simulacao-para-construcao-de-terminais-de-graneis-solidos-e-liquidos","status":"publish","type":"post","link":"https:\/\/www.sincomam.org.br\/index.php\/capitania-dos-portos-do-amapa-participa-de-simulacao-para-construcao-de-terminais-de-graneis-solidos-e-liquidos\/","title":{"rendered":"Capitania dos Portos do Amap\u00e1 participa de simula\u00e7\u00e3o para constru\u00e7\u00e3o de terminais de gran\u00e9is s\u00f3lidos e l\u00edquidos"},"content":{"rendered":"<p><strong><em>Representantes da Marinha e demais \u00f3rg\u00e3os envolvidos participaram do evento<\/em><\/strong><\/p>\n<p>A Marinha do Brasil informa que, a Capitania dos Portos do Amap\u00e1 (CPAP) participou das simula\u00e7\u00f5es e testes em tanque de prova num\u00e9rica para defini\u00e7\u00e3o dos requisitos operacionais do Terminal de Gran\u00e9is L\u00edquidos do Amap\u00e1 e do Terminal de Gran\u00e9is S\u00f3lidos do Amap\u00e1. A a\u00e7\u00e3o foi realizada na Universidade de S\u00e3o Paulo (USP).<\/p>\n<p>Conforme as Normas da Autoridade Mar\u00edtima (NORMAM-11), foi realizada a simula\u00e7\u00e3o para a defini\u00e7\u00e3o do \u201cnavio tipo\u201d dos futuros terminais. Compareceram na simula\u00e7\u00e3o, o atual Capit\u00e3o dos Portos do Amap\u00e1, o Capit\u00e3o dos Portos nomeado, Diretoria de Portos e Costas, representantes da Autoridade Portu\u00e1ria, Praticagem e USP.<\/p>\n<p><em>\u201cEstamos cumprindo as Normas da Autoridade Mar\u00edtima n\u00famero 11, determinando os requisitos operacionais dos terminais por meio de simula\u00e7\u00f5es fast time e real time, a fim de garantir a seguran\u00e7a da navega\u00e7\u00e3o na \u00e1rea de jurisdi\u00e7\u00e3o da Capitania dos Portos do Amap\u00e1\u201d, ressaltou o Capit\u00e3o dos Portos do Amap\u00e1, Capit\u00e3o de Fragata Carlos Augusto, em nota divulgada pela Marinha.<\/em><\/p>\n<p>*Com informa\u00e7\u00f5es da MB<\/p>\n","protected":false},"excerpt":{"rendered":"<p>Representantes da Marinha e demais \u00f3rg\u00e3os envolvidos participaram do evento A Marinha do Brasil informa que, a Capitania dos Portos do Amap\u00e1 (CPAP) participou das&#8230;<\/p>\n","protected":false},"author":1182,"featured_media":30957,"comment_status":"closed","ping_status":"closed","sticky":false,"template":"","format":"standard","meta":{"footnotes":""},"categories":[6],"tags":[1268,61,230,131,149,3623,15,73,69,150,3622],"class_list":["post-30956","post","type-post","status-publish","format-standard","has-post-thumbnail","hentry","category-noticias","tag-amapa","tag-brasil","tag-capitania","tag-construcao","tag-graneis","tag-liquidos","tag-marinha","tag-participacao","tag-portos","tag-solidos","tag-teerminais"],"_links":{"self":[{"href":"https:\/\/www.sincomam.org.br\/index.php\/wp-json\/wp\/v2\/posts\/30956","targetHints":{"allow":["GET"]}}],"collection":[{"href":"https:\/\/www.sincomam.org.br\/index.php\/wp-json\/wp\/v2\/posts"}],"about":[{"href":"https:\/\/www.sincomam.org.br\/index.php\/wp-json\/wp\/v2\/types\/post"}],"author":[{"embeddable":true,"href":"https:\/\/www.sincomam.org.br\/index.php\/wp-json\/wp\/v2\/users\/1182"}],"replies":[{"embeddable":true,"href":"https:\/\/www.sincomam.org.br\/index.php\/wp-json\/wp\/v2\/comments?post=30956"}],"version-history":[{"count":1,"href":"https:\/\/www.sincomam.org.br\/index.php\/wp-json\/wp\/v2\/posts\/30956\/revisions"}],"predecessor-version":[{"id":30958,"href":"https:\/\/www.sincomam.org.br\/index.php\/wp-json\/wp\/v2\/posts\/30956\/revisions\/30958"}],"wp:featuredmedia":[{"embeddable":true,"href":"https:\/\/www.sincomam.org.br\/index.php\/wp-json\/wp\/v2\/media\/30957"}],"wp:attachment":[{"href":"https:\/\/www.sincomam.org.br\/index.php\/wp-json\/wp\/v2\/media?parent=30956"}],"wp:term":[{"taxonomy":"category","embeddable":true,"href":"https:\/\/www.sincomam.org.br\/index.php\/wp-json\/wp\/v2\/categories?post=30956"},{"taxonomy":"post_tag","embeddable":true,"href":"https:\/\/www.sincomam.org.br\/index.php\/wp-json\/wp\/v2\/tags?post=30956"}],"curies":[{"name":"wp","href":"https:\/\/api.w.org\/{rel}","templated":true}]}}