{"id":30949,"date":"2020-08-07T12:59:28","date_gmt":"2020-08-07T15:59:28","guid":{"rendered":"http:\/\/www.sincomam.org.br\/?p=30949"},"modified":"2020-08-07T12:59:28","modified_gmt":"2020-08-07T15:59:28","slug":"forcas-armadas-transportam-equipes-para-conter-focos-de-incendios-no-pantanal","status":"publish","type":"post","link":"https:\/\/www.sincomam.org.br\/index.php\/forcas-armadas-transportam-equipes-para-conter-focos-de-incendios-no-pantanal\/","title":{"rendered":"For\u00e7as Armadas transportam equipes para conter focos de inc\u00eandios no Pantanal"},"content":{"rendered":"<p>O Minist\u00e9rio da Defesa, por meio de militares das For\u00e7as Armadas, anunciou que prossegue no combate a inc\u00eandio que atinge o Pantanal de Mato Grosso do Sul. Segundo as informa\u00e7\u00f5es do minist\u00e9rio, as a\u00e7\u00f5es contam com a parceria com ag\u00eancias federais e estaduais, integrantes da Marinha, Ex\u00e9rcito e Aeron\u00e1utica, que empregam aeronaves para o transporte de brigadistas e despejam \u00e1gua, durante os sobrevoos, para conter as chamas.<\/p>\n<p>Nesta quarta-feira (05), foi realizado o transporte de pessoal para combate de focos de inc\u00eandio na regi\u00e3o de Corumb\u00e1. A a\u00e7\u00e3o ocorreu com apoio do helic\u00f3ptero HM-1, do Ex\u00e9rcito, na \u00e1rea de atua\u00e7\u00e3o do 6\u00ba Distrito Naval, localizado em Lad\u00e1rio (MS). Al\u00e9m disso, teve in\u00edcio o deslocamento do Centro de Coordena\u00e7\u00e3o da Opera\u00e7\u00e3o para as localidades de Cuiab\u00e1 e Pocon\u00e9, ambas no estado mato-grossense, com o apoio da aeronave da For\u00e7a A\u00e9rea Brasileira C-105.<\/p>\n<p><strong>Opera\u00e7\u00e3o Pantanal<\/strong><\/p>\n<p>As For\u00e7as Armadas atuam, desde o dia 25 de julho, no combate a inc\u00eandio no Pantanal sul-mato-grossense. O Minist\u00e9rio da Defesa atende \u00e0 solicita\u00e7\u00e3o recebida em 24 de julho, do governador de Mato Grosso do Sul, Reinaldo Azambuja, que decretou tamb\u00e9m estado de emerg\u00eancia.<\/p>\n<p>Para a execu\u00e7\u00e3o da opera\u00e7\u00e3o, a Defesa estabeleceu um Centro de Coordena\u00e7\u00e3o no Comando do 6\u00ba Distrito Naval, no munic\u00edpio de Lad\u00e1rio, Mato Grosso do Sul. Participam da opera\u00e7\u00e3o helic\u00f3pteros da Marinha, do Ex\u00e9rcito e da Aeron\u00e1utica, al\u00e9m de brigadistas, conforme as necessidades.<\/p>\n<p>*Com informa\u00e7\u00f5es Minist\u00e9rio da Defesa \/ Foto: Tenente Melina \u2013 ComSoc 6\u00b0DN\/Divulga\u00e7\u00e3o Opera\u00e7\u00e3o Pantanal<\/p>\n","protected":false},"excerpt":{"rendered":"<p>O Minist\u00e9rio da Defesa, por meio de militares das For\u00e7as Armadas, anunciou que prossegue no combate a inc\u00eandio que atinge o Pantanal de Mato Grosso&#8230;<\/p>\n","protected":false},"author":1182,"featured_media":30950,"comment_status":"closed","ping_status":"closed","sticky":false,"template":"","format":"standard","meta":{"footnotes":""},"categories":[6],"tags":[3620,3621,894,115,377,1976],"class_list":["post-30949","post","type-post","status-publish","format-standard","has-post-thumbnail","hentry","category-noticias","tag-equipes","tag-focos","tag-forcas-armadas","tag-incendio","tag-operacao","tag-pantanal"],"_links":{"self":[{"href":"https:\/\/www.sincomam.org.br\/index.php\/wp-json\/wp\/v2\/posts\/30949","targetHints":{"allow":["GET"]}}],"collection":[{"href":"https:\/\/www.sincomam.org.br\/index.php\/wp-json\/wp\/v2\/posts"}],"about":[{"href":"https:\/\/www.sincomam.org.br\/index.php\/wp-json\/wp\/v2\/types\/post"}],"author":[{"embeddable":true,"href":"https:\/\/www.sincomam.org.br\/index.php\/wp-json\/wp\/v2\/users\/1182"}],"replies":[{"embeddable":true,"href":"https:\/\/www.sincomam.org.br\/index.php\/wp-json\/wp\/v2\/comments?post=30949"}],"version-history":[{"count":1,"href":"https:\/\/www.sincomam.org.br\/index.php\/wp-json\/wp\/v2\/posts\/30949\/revisions"}],"predecessor-version":[{"id":30951,"href":"https:\/\/www.sincomam.org.br\/index.php\/wp-json\/wp\/v2\/posts\/30949\/revisions\/30951"}],"wp:featuredmedia":[{"embeddable":true,"href":"https:\/\/www.sincomam.org.br\/index.php\/wp-json\/wp\/v2\/media\/30950"}],"wp:attachment":[{"href":"https:\/\/www.sincomam.org.br\/index.php\/wp-json\/wp\/v2\/media?parent=30949"}],"wp:term":[{"taxonomy":"category","embeddable":true,"href":"https:\/\/www.sincomam.org.br\/index.php\/wp-json\/wp\/v2\/categories?post=30949"},{"taxonomy":"post_tag","embeddable":true,"href":"https:\/\/www.sincomam.org.br\/index.php\/wp-json\/wp\/v2\/tags?post=30949"}],"curies":[{"name":"wp","href":"https:\/\/api.w.org\/{rel}","templated":true}]}}