{"id":30934,"date":"2020-08-07T10:07:26","date_gmt":"2020-08-07T13:07:26","guid":{"rendered":"http:\/\/www.sincomam.org.br\/?p=30934"},"modified":"2020-08-07T10:07:26","modified_gmt":"2020-08-07T13:07:26","slug":"auxilio-emergencial-governo-estuda-prorrogacao-ate-dezembro","status":"publish","type":"post","link":"https:\/\/www.sincomam.org.br\/index.php\/auxilio-emergencial-governo-estuda-prorrogacao-ate-dezembro\/","title":{"rendered":"Aux\u00edlio Emergencial: Governo estuda prorroga\u00e7\u00e3o at\u00e9 dezembro"},"content":{"rendered":"<p><strong><em>Com a pandemia se estendendo mais do que o esperado pelo governo, a prorroga\u00e7\u00e3o do Aux\u00edlio Emergencial volta a ser pauta<\/em><\/strong><\/p>\n<p>Em live da Caixa Econ\u00f4mica Federal, o presidente do banco, Pedro Guimar\u00e3es, informou que o governo federal est\u00e1 estudando a possibilidade de ampliar o Aux\u00edlio Emergencial de R$ 600 at\u00e9 dezembro deste ano.<\/p>\n<p>O motivo do governo repensar \u00e9 que a pandemia do coronav\u00edrus parece n\u00e3o que n\u00e3o vai terminar at\u00e9 o fim do segundo semestre. Neste cen\u00e1rio, a equipe econ\u00f4mica deve propor a renova\u00e7\u00e3o do benef\u00edcio, mas com um valor abaixo do atual.<\/p>\n<p>De acordo com o jornal O Globo, a possibilidade \u00e9 de pagar mais tr\u00eas parcelas aos benefici\u00e1rios do programa, agora com um valor de R$ 200, m\u00e9dia do Bolsa Fam\u00edlia.<\/p>\n<p><em>\u201cA defini\u00e7\u00e3o \u00e9 do ministro da Economia, Paulo Guedes, e do presidente Jair Bolsonaro. A Caixa operacionaliza os pagamentos. Qualquer que seja a decis\u00e3o, n\u00f3s, na Caixa, conseguiremos fazer. Como estamos fazendo o pagamento desde abril, hoje estamos um n\u00edvel de efici\u00eancia muito superior. Estamos pagando por m\u00eas, mais de 90 milh\u00f5es de pessoas\u201d, afirmou o presidente da Caixa, Pedro Guimar\u00e3es na live.<\/em><\/p>\n<p>Caso o valor seja modificado, ser\u00e1 necess\u00e1rio pedir autoriza\u00e7\u00e3o do Congresso Nacional, j\u00e1 que o aux\u00edlio emergencial foi aprovado ap\u00f3s vota\u00e7\u00e3o que o tornou lei. Na manuten\u00e7\u00e3o dos R$ 600, o governo apenas precisa prorrogar por conta pr\u00f3pria.<\/p>\n<p><strong>Benef\u00edciarios <\/strong><\/p>\n<p>A Caixa informa que, at\u00e9 o momento, mais de 65,4 milh\u00f5es de pessoas j\u00e1 receberam as parcelas do Aux\u00edlio Emergencial, um total de R$ 145,9 bilh\u00f5es. A proje\u00e7\u00e3o \u00e9 de que at\u00e9 o final do ano mais de R$ 203 bilh\u00f5es tenham sa\u00eddo dos cofres p\u00fablicos.<\/p>\n<p><strong>\u00a0FGTS<\/strong><\/p>\n<p>A Medida Provis\u00f3ria 946, que permitiu o saque emergencial do Fundo de Garantia por Tempo de Servi\u00e7o (FGTS) , perdeu a validade na \u00faltima ter\u00e7a-feira (4). Mas, ainda assim, a Caixa Econ\u00f4mica Federal garantiu que vai manter o calend\u00e1rio de saque do benef\u00edcio.<\/p>\n<p>&#8220;A Caixa, na qualidade de agente operador do FGTS, esclarece que, com base no princ\u00edpio constitucional da seguran\u00e7a jur\u00eddica, mantem o cronograma do saque emergencial do FGTS at\u00e9 o fim do prazo de pagamento estabelecido pela MP 946\/20, conforme anunciado anteriormente&#8221;, informou a assessoria do banco p\u00fablico.<\/p>\n<p>A decis\u00e3o de n\u00e3o votar a MP 946 foi tomada pela base de apoio do governo no Legislativo depois do texto ter sido alterado pelo Senado, que ampliou a movimenta\u00e7\u00e3o da totalidade dos recursos da conta vinculada ao FGTS pelo trabalhador que tenha pedido demiss\u00e3o ou sido demitido sem justa causa, entre outras flexibiliza\u00e7\u00f5es.<\/p>\n<p>Fonte: Portal Cont\u00e1beis<\/p>\n","protected":false},"excerpt":{"rendered":"<p>Com a pandemia se estendendo mais do que o esperado pelo governo, a prorroga\u00e7\u00e3o do Aux\u00edlio Emergencial volta a ser pauta Em live da Caixa&#8230;<\/p>\n","protected":false},"author":1182,"featured_media":4097,"comment_status":"closed","ping_status":"closed","sticky":false,"template":"","format":"standard","meta":{"footnotes":""},"categories":[6],"tags":[1757,2377,390,794,432,192,204,1654],"class_list":["post-30934","post","type-post","status-publish","format-standard","has-post-thumbnail","hentry","category-noticias","tag-auxilio","tag-beneficio","tag-caixa","tag-dezembro","tag-emergencial","tag-governo","tag-pagamento","tag-prorrogacao"],"_links":{"self":[{"href":"https:\/\/www.sincomam.org.br\/index.php\/wp-json\/wp\/v2\/posts\/30934","targetHints":{"allow":["GET"]}}],"collection":[{"href":"https:\/\/www.sincomam.org.br\/index.php\/wp-json\/wp\/v2\/posts"}],"about":[{"href":"https:\/\/www.sincomam.org.br\/index.php\/wp-json\/wp\/v2\/types\/post"}],"author":[{"embeddable":true,"href":"https:\/\/www.sincomam.org.br\/index.php\/wp-json\/wp\/v2\/users\/1182"}],"replies":[{"embeddable":true,"href":"https:\/\/www.sincomam.org.br\/index.php\/wp-json\/wp\/v2\/comments?post=30934"}],"version-history":[{"count":1,"href":"https:\/\/www.sincomam.org.br\/index.php\/wp-json\/wp\/v2\/posts\/30934\/revisions"}],"predecessor-version":[{"id":30935,"href":"https:\/\/www.sincomam.org.br\/index.php\/wp-json\/wp\/v2\/posts\/30934\/revisions\/30935"}],"wp:featuredmedia":[{"embeddable":true,"href":"https:\/\/www.sincomam.org.br\/index.php\/wp-json\/wp\/v2\/media\/4097"}],"wp:attachment":[{"href":"https:\/\/www.sincomam.org.br\/index.php\/wp-json\/wp\/v2\/media?parent=30934"}],"wp:term":[{"taxonomy":"category","embeddable":true,"href":"https:\/\/www.sincomam.org.br\/index.php\/wp-json\/wp\/v2\/categories?post=30934"},{"taxonomy":"post_tag","embeddable":true,"href":"https:\/\/www.sincomam.org.br\/index.php\/wp-json\/wp\/v2\/tags?post=30934"}],"curies":[{"name":"wp","href":"https:\/\/api.w.org\/{rel}","templated":true}]}}